{"id":95866,"date":"2025-12-03T07:38:11","date_gmt":"2025-12-03T07:38:11","guid":{"rendered":"https:\/\/www.europesays.com\/se\/95866\/"},"modified":"2025-12-03T07:38:11","modified_gmt":"2025-12-03T07:38:11","slug":"windows-11-uppdatering-orsakar-buggar-i-morkt-lage","status":"publish","type":"post","link":"https:\/\/www.europesays.com\/se\/95866\/","title":{"rendered":"Windows 11-uppdatering orsakar buggar i m\u00f6rkt l\u00e4ge"},"content":{"rendered":"<p>Microsoft har bekr\u00e4ftat f\u00f6r <a href=\"https:\/\/idg.digidip.net\/visit?url=https:\/\/www.windowslatest.com\/2025\/12\/02\/microsoft-confirms-windows-11-update-accidentally-breaks-dark-mode-in-file-explorer-causing-white-flashes\/&amp;currurl=https:\/\/www.pcforalla.se\/article\/2997702\/windows-11-uppdatering-orsakar-buggar-i-morkt-lage.html&amp;ref=8-1-2997702-1-0-0-0-0\" rel=\"nofollow noopener\" data-subtag=\"8-1-2997702-1-0-0-0-0\" data-domain-name=\"windowslatest\" target=\"_blank\">Windows Latest<\/a> att den senaste valfria Windows 11-uppdateringen (KB5070311) oavsiktligt har orsakat ett fel i m\u00f6rkt l\u00e4ge i Utforskaren.<\/p>\n<p>Efter installationen upplever m\u00e5nga anv\u00e4ndare korta vita blinkningar eller blixtar i f\u00f6nstren n\u00e4r man exempelvis \u00f6ppnar Utforskaren, v\u00e4xlar mellan mappar eller aktiverar detaljrutan.<\/p>\n<p>Problemet g\u00e4ller version 25H2 (26200.7309) och 24H2 (26100.7309) och uppst\u00e5r endast i m\u00f6rkt l\u00e4ge.<\/p>\n<p>Microsoft s\u00e4ger att de \u00e4r medvetna om problemet och arbetar p\u00e5 en l\u00f6sning. N\u00e5gon tillf\u00e4llig l\u00f6sning finns f\u00f6r stunden inte.<\/p>\n<p><strong>L\u00e4s ocks\u00e5: <a href=\"https:\/\/www.pcforalla.se\/article\/2997232\/dialogrutorna-i-utforskaren-far-stod-for-morkt-lage.html\" rel=\"nofollow noopener\" target=\"_blank\">Dialogrutorna i Utforskaren f\u00e5r st\u00f6d f\u00f6r m\u00f6rkt l\u00e4ge<\/a><\/strong><\/p>\n","protected":false},"excerpt":{"rendered":"Microsoft har bekr\u00e4ftat f\u00f6r Windows Latest att den senaste valfria Windows 11-uppdateringen (KB5070311) oavsiktligt har orsakat ett fel&hellip;\n","protected":false},"author":2,"featured_media":95867,"comment_status":"","ping_status":"","sticky":false,"template":"","format":"standard","meta":{"footnotes":""},"categories":[66],"tags":[80,78,79,34,31,33,32,30,81,84,83,82],"class_list":{"0":"post-95866","1":"post","2":"type-post","3":"status-publish","4":"format-standard","5":"has-post-thumbnail","7":"category-vetenskap-och-teknik","8":"tag-science","9":"tag-science-and-technology","10":"tag-scienceandtechnology","11":"tag-se","12":"tag-svenska","13":"tag-sverige","14":"tag-sweden","15":"tag-swedish","16":"tag-technology","17":"tag-teknik","18":"tag-vetenskap","19":"tag-vetenskapteknik"},"share_on_mastodon":{"url":"https:\/\/pubeurope.com\/@se\/115654498985690865","error":""},"_links":{"self":[{"href":"https:\/\/www.europesays.com\/se\/wp-json\/wp\/v2\/posts\/95866","targetHints":{"allow":["GET"]}}],"collection":[{"href":"https:\/\/www.europesays.com\/se\/wp-json\/wp\/v2\/posts"}],"about":[{"href":"https:\/\/www.europesays.com\/se\/wp-json\/wp\/v2\/types\/post"}],"author":[{"embeddable":true,"href":"https:\/\/www.europesays.com\/se\/wp-json\/wp\/v2\/users\/2"}],"replies":[{"embeddable":true,"href":"https:\/\/www.europesays.com\/se\/wp-json\/wp\/v2\/comments?post=95866"}],"version-history":[{"count":0,"href":"https:\/\/www.europesays.com\/se\/wp-json\/wp\/v2\/posts\/95866\/revisions"}],"wp:featuredmedia":[{"embeddable":true,"href":"https:\/\/www.europesays.com\/se\/wp-json\/wp\/v2\/media\/95867"}],"wp:attachment":[{"href":"https:\/\/www.europesays.com\/se\/wp-json\/wp\/v2\/media?parent=95866"}],"wp:term":[{"taxonomy":"category","embeddable":true,"href":"https:\/\/www.europesays.com\/se\/wp-json\/wp\/v2\/categories?post=95866"},{"taxonomy":"post_tag","embeddable":true,"href":"https:\/\/www.europesays.com\/se\/wp-json\/wp\/v2\/tags?post=95866"}],"curies":[{"name":"wp","href":"https:\/\/api.w.org\/{rel}","templated":true}]}}