{"id":95914,"date":"2025-12-03T08:55:19","date_gmt":"2025-12-03T08:55:19","guid":{"rendered":"https:\/\/www.europesays.com\/se\/95914\/"},"modified":"2025-12-03T08:55:19","modified_gmt":"2025-12-03T08:55:19","slug":"raspberry-pi-tvignas-hoja-priserna-och-slapper-en-ny-budgetmodell","status":"publish","type":"post","link":"https:\/\/www.europesays.com\/se\/95914\/","title":{"rendered":"Raspberry Pi tvignas h\u00f6ja priserna &#8211; och sl\u00e4pper en ny budgetmodell"},"content":{"rendered":"<p>Raspberry Pi Foundation har idag <a href=\"https:\/\/idg.digidip.net\/visit?url=https:\/\/www.raspberrypi.com\/news\/1gb-raspberry-pi-5-now-available-at-45-and-memory-driven-price-rises\/&amp;currurl=https:\/\/www.pcforalla.se\/article\/2995931\/raspberry-pi-tvignas-hoja-priserna-och-slapper-en-ny-budgetmodell.html&amp;ref=8-1-2995931-1-0-0-0-0\" target=\"_blank\" rel=\"nofollow noopener\" data-subtag=\"8-1-2995931-1-0-0-0-0\" data-domain-name=\"raspberrypi\">meddelat<\/a> att de <a href=\"https:\/\/www.pcforalla.se\/article\/2988615\/ram-priserna-rusar-butiker-saljer-till-dagspris-som-ravaror.html\" rel=\"nofollow noopener\" target=\"_blank\">stigande priserna p\u00e5 ram-minne<\/a> nu har tvingat dem att h\u00f6ja priserna p\u00e5 Raspberry Pi-enheter. En Raspberry Pi 4 med 4 GB minne kommer nu att vara 5 dollar dyrare, medan priset p\u00e5 en Raspberry Pi 5 med 16 GB minne h\u00f6js med 25 dollar.<\/p>\n<p><strong>L\u00e4s \u00e4ven:\u00a0<a href=\"https:\/\/www.pcforalla.se\/article\/2562383\/raspberry-pi-5-guide.html\" rel=\"nofollow noopener\" target=\"_blank\">S\u00e5 bygger du en maxad Raspberry Pi 5-dator<\/a><\/strong><\/p>\n<p><img decoding=\"async\" data-wp-class--hide=\"state.isContentHidden\" data-wp-class--show=\"state.isContentVisible\" data-wp-init=\"callbacks.setButtonStyles\" data-wp-on-async--click=\"actions.showLightbox\" data-wp-on-async--load=\"callbacks.setButtonStyles\" data-wp-on-async-window--resize=\"callbacks.setButtonStyles\" src=\"https:\/\/www.europesays.com\/se\/wp-content\/uploads\/2025\/12\/Skarmbild-2025-12-01-154645.png\" alt=\"Raspberry Pi new pricing\" class=\"wp-image-2995951\"  width=\"630\" height=\"395\"  loading=\"lazy\"\/><\/p>\n<p class=\"imageCredit\">Raspberry Pi Foundation<\/p>\n<p>F\u00f6r att motverka de stigande priserna har Raspberry Pi valt att lansera en ny budgetmodell, Raspberry Pi 5 med bara 1 GB minne. Den nya Raspberry Pi 5 1 GB kommer att kosta <a href=\"https:\/\/idg.digidip.net\/visit?url=https:\/\/raspberrypi.dk\/en\/product\/raspberry-pi-5-1gb\/?currency=SEK&amp;src=raspberrypi&amp;currurl=https:\/\/www.pcforalla.se\/article\/2995931\/raspberry-pi-tvignas-hoja-priserna-och-slapper-en-ny-budgetmodell.html&amp;ref=8-1-2995931-1-0-0-0-0\" target=\"_blank\" rel=\"nofollow noopener\" data-subtag=\"8-1-2995931-1-0-0-0-0\" data-domain-name=\"raspberrypi\">589 kronor<\/a>.<\/p>\n<p>De h\u00f6jda priserna ska dock bara vara tillf\u00e4lliga, Raspberry Pi Foundation skriver att de planerar att s\u00e4nka dem igen n\u00e4r AI-boomen lugnat ned sig.<\/p>\n","protected":false},"excerpt":{"rendered":"Raspberry Pi Foundation har idag meddelat att de stigande priserna p\u00e5 ram-minne nu har tvingat dem att h\u00f6ja&hellip;\n","protected":false},"author":2,"featured_media":95915,"comment_status":"","ping_status":"","sticky":false,"template":"","format":"standard","meta":{"footnotes":""},"categories":[66],"tags":[80,78,79,34,31,33,32,30,81,84,83,82],"class_list":{"0":"post-95914","1":"post","2":"type-post","3":"status-publish","4":"format-standard","5":"has-post-thumbnail","7":"category-vetenskap-och-teknik","8":"tag-science","9":"tag-science-and-technology","10":"tag-scienceandtechnology","11":"tag-se","12":"tag-svenska","13":"tag-sverige","14":"tag-sweden","15":"tag-swedish","16":"tag-technology","17":"tag-teknik","18":"tag-vetenskap","19":"tag-vetenskapteknik"},"share_on_mastodon":{"url":"https:\/\/pubeurope.com\/@se\/115654801875328501","error":""},"_links":{"self":[{"href":"https:\/\/www.europesays.com\/se\/wp-json\/wp\/v2\/posts\/95914","targetHints":{"allow":["GET"]}}],"collection":[{"href":"https:\/\/www.europesays.com\/se\/wp-json\/wp\/v2\/posts"}],"about":[{"href":"https:\/\/www.europesays.com\/se\/wp-json\/wp\/v2\/types\/post"}],"author":[{"embeddable":true,"href":"https:\/\/www.europesays.com\/se\/wp-json\/wp\/v2\/users\/2"}],"replies":[{"embeddable":true,"href":"https:\/\/www.europesays.com\/se\/wp-json\/wp\/v2\/comments?post=95914"}],"version-history":[{"count":0,"href":"https:\/\/www.europesays.com\/se\/wp-json\/wp\/v2\/posts\/95914\/revisions"}],"wp:featuredmedia":[{"embeddable":true,"href":"https:\/\/www.europesays.com\/se\/wp-json\/wp\/v2\/media\/95915"}],"wp:attachment":[{"href":"https:\/\/www.europesays.com\/se\/wp-json\/wp\/v2\/media?parent=95914"}],"wp:term":[{"taxonomy":"category","embeddable":true,"href":"https:\/\/www.europesays.com\/se\/wp-json\/wp\/v2\/categories?post=95914"},{"taxonomy":"post_tag","embeddable":true,"href":"https:\/\/www.europesays.com\/se\/wp-json\/wp\/v2\/tags?post=95914"}],"curies":[{"name":"wp","href":"https:\/\/api.w.org\/{rel}","templated":true}]}}