{"id":95920,"date":"2025-12-03T09:01:11","date_gmt":"2025-12-03T09:01:11","guid":{"rendered":"https:\/\/www.europesays.com\/se\/95920\/"},"modified":"2025-12-03T09:01:11","modified_gmt":"2025-12-03T09:01:11","slug":"uppgifter-os-rinken-blir-mindre-an-en-nhl-rink","status":"publish","type":"post","link":"https:\/\/www.europesays.com\/se\/95920\/","title":{"rendered":"Uppgifter: OS-rinken blir mindre \u00e4n en NHL-rink"},"content":{"rendered":"<p><strong>Byggnaden av ishockeyarenan i Milano har kritiserats och ifr\u00e5gasatts av NHL. Nu kommer uppgifter om att OS-rinken kommer att vara mindre \u00e4n den i NHL.<\/strong><\/p>\n<p><img loading=\"lazy\" decoding=\"async\" width=\"1024\" height=\"658\" src=\"https:\/\/www.europesays.com\/se\/wp-content\/uploads\/2025\/12\/Milano-Santagiulia-Arena-1024x658.webp.webp\" alt=\"\" class=\"wp-image-332506\"  \/>H\u00e4r inne kommer OS-rinken att vara.<br \/>Foto: REUTERS\/Claudia Greco<\/p>\n<p>Som bekant spelar vi i Sverige p\u00e5 en st\u00f6rre is \u00e4n den i Nordamerika. Nu kommer uppgifter om att det i OS kommer att tas ett steg l\u00e4ngre. Enligt flera insiders kommer n\u00e4mligen OS-ishockeyn att spelas p\u00e5 en \u00e4n mindre rink \u00e4n den vi ser till vardags i NHL.<\/p>\n<p>Det h\u00e4r beskedet kommer efter att NHL har ifr\u00e5gasatt kvalit\u00e9n p\u00e5 arenan.<\/p>\n<p>Det andra problemet \u00e4r att den inte heller \u00e4r klar \u00e4n. Enligt rapporter ska den vara f\u00e4rdigst\u00e4lld i mitten av december. Och nu kommer allts\u00e5 uppgifter om att den ska vara mellan tre och fyra fot mindre \u00e4n NHL-rinken, allts\u00e5 runt en meter mindre.<\/p>\n<p>Det h\u00e4r \u00e4r s\u00e5 klart n\u00e5got som kan f\u00e5 konsekvenser f\u00f6r hur lagen byggs. Ju mindre yta, desto mer kan lagen tj\u00e4na p\u00e5 att ta med st\u00f6rre spelare.<\/p>\n<p>NHL meddelade under sin helg i Stockholm att man kommer att <a href=\"https:\/\/hockeysverige.se\/intervju\/oro-kring-bygget-av-milano-santagiulia-arena-infor-os-hockeyn\/\" rel=\"nofollow noopener\" target=\"_blank\">skicka dit en delegation f\u00f6r att se till s\u00e5 att allt g\u00e5r r\u00e4tt till<\/a>. Hotet mot att NHL-spelare inte kommer kvarst\u00e5r d\u00e4rmed i och med att arenan \u00e4nnu inte \u00e4r f\u00e4rdigst\u00e4lld.<\/p>\n","protected":false},"excerpt":{"rendered":"Byggnaden av ishockeyarenan i Milano har kritiserats och ifr\u00e5gasatts av NHL. Nu kommer uppgifter om att OS-rinken kommer&hellip;\n","protected":false},"author":2,"featured_media":95921,"comment_status":"","ping_status":"","sticky":false,"template":"","format":"standard","meta":{"footnotes":""},"categories":[68],"tags":[247,2578,34,133,111,110,31,33,32,30],"class_list":{"0":"post-95920","1":"post","2":"type-post","3":"status-publish","4":"format-standard","5":"has-post-thumbnail","7":"category-sport","8":"tag-nhl","9":"tag-os","10":"tag-se","11":"tag-second-news","12":"tag-sport","13":"tag-sports","14":"tag-svenska","15":"tag-sverige","16":"tag-sweden","17":"tag-swedish"},"share_on_mastodon":{"url":"https:\/\/pubeurope.com\/@se\/115654825432722372","error":""},"_links":{"self":[{"href":"https:\/\/www.europesays.com\/se\/wp-json\/wp\/v2\/posts\/95920","targetHints":{"allow":["GET"]}}],"collection":[{"href":"https:\/\/www.europesays.com\/se\/wp-json\/wp\/v2\/posts"}],"about":[{"href":"https:\/\/www.europesays.com\/se\/wp-json\/wp\/v2\/types\/post"}],"author":[{"embeddable":true,"href":"https:\/\/www.europesays.com\/se\/wp-json\/wp\/v2\/users\/2"}],"replies":[{"embeddable":true,"href":"https:\/\/www.europesays.com\/se\/wp-json\/wp\/v2\/comments?post=95920"}],"version-history":[{"count":0,"href":"https:\/\/www.europesays.com\/se\/wp-json\/wp\/v2\/posts\/95920\/revisions"}],"wp:featuredmedia":[{"embeddable":true,"href":"https:\/\/www.europesays.com\/se\/wp-json\/wp\/v2\/media\/95921"}],"wp:attachment":[{"href":"https:\/\/www.europesays.com\/se\/wp-json\/wp\/v2\/media?parent=95920"}],"wp:term":[{"taxonomy":"category","embeddable":true,"href":"https:\/\/www.europesays.com\/se\/wp-json\/wp\/v2\/categories?post=95920"},{"taxonomy":"post_tag","embeddable":true,"href":"https:\/\/www.europesays.com\/se\/wp-json\/wp\/v2\/tags?post=95920"}],"curies":[{"name":"wp","href":"https:\/\/api.w.org\/{rel}","templated":true}]}}