{"id":95942,"date":"2025-12-03T09:28:14","date_gmt":"2025-12-03T09:28:14","guid":{"rendered":"https:\/\/www.europesays.com\/se\/95942\/"},"modified":"2025-12-03T09:28:14","modified_gmt":"2025-12-03T09:28:14","slug":"fredrik-wallner-utsedd-till-ny-vd-for-sweco-sverige","status":"publish","type":"post","link":"https:\/\/www.europesays.com\/se\/95942\/","title":{"rendered":"Fredrik Wallner utsedd till ny vd f\u00f6r Sweco Sverige"},"content":{"rendered":"<p>&#13;<br \/>\n                        &#13;<br \/>\n&#13;<\/p>\n<p>                                    <img decoding=\"async\" src=\"https:\/\/www.europesays.com\/se\/wp-content\/uploads\/2025\/12\/b7b7d35172724d68_800x800ar.jpg\"\/><br \/>\n                                &#13;<br \/>\n&#13;<\/p>\n<p><strong>Fredrik Wallner tilltr\u00e4der som ny vd f\u00f6r Sweco Sverige och blir ocks\u00e5 medlem i Swecokoncernens ledningsgrupp fr\u00e5n och med den 1 januari 2026.\u00a0<\/strong><\/p>\n<p>&#13;<\/p>\n<p style=\"margin-top:12px;\">Fredrik Wallner har en l\u00e5ng karri\u00e4r inom samh\u00e4llsbyggnadssektorn p\u00e5 Sweco bakom sig och \u00e4r idag divisionschef f\u00f6r koncernens svenska transport och infrastrukturverksamhet.\u00a0<\/p>\n<p>Fredrik Wallner eftertr\u00e4der Ann-Louise L\u00f6kholm Klasson som l\u00e4mnar Sweco p\u00e5 egen beg\u00e4ran.\u00a0<\/p>\n<p>\u2013 Jag \u00e4r glad att f\u00e5 presentera Fredrik Wallner som ny aff\u00e4rsomr\u00e5deschef f\u00f6r Sweco Sverige och v\u00e4lkomnar honom \u00e4ven till koncernens ledningsgrupp. Fredrik \u00e4r en erfaren och resultatorienterad ledare med l\u00e5ng erfarenhet av att, med kunden i centrum, leda stora organisationer och komplexa projekt mot en l\u00f6nsam tillv\u00e4xt och h\u00e5llbar samh\u00e4llsbyggnad. Jag vill ocks\u00e5 tacka Ann-Louise L\u00f6kholm Klasson som under sina 17 \u00e5r p\u00e5 Sweco, en period som pr\u00e4glats av stora samh\u00e4llsf\u00f6r\u00e4ndringar, varit instrumentell i att st\u00e4rka Swecos position p\u00e5 den svenska marknaden. Ann-Louise har \u00e4ven varit en v\u00e4rdefull bidragande medlem i koncernens ledningsgrupp, <strong>s\u00e4ger \u00c5sa Bergman, vd och koncernchef, Sweco AB<\/strong>.<br \/>\u00a0<br \/>\u2013 Jag tackar f\u00f6r f\u00f6rtroendet och ser mycket fram emot att forts\u00e4tta utveckla och st\u00e4rka Swecos svenska verksamhet tillsammans med v\u00e5ra \u00f6ver 7 000 medarbetare p\u00e5 ett s\u00e4tt som kommer att gynna b\u00e5de v\u00e5ra kunder och samh\u00e4llet i stort, <strong>s\u00e4ger Fredrik Wallner.<\/strong>\u00a0<\/p>\n<p>Sweco Sverige \u00e4r Swecokoncernens st\u00f6rsta aff\u00e4rsomr\u00e5de med \u00f6ver 7 000 medarbetare samt en \u00e5rlig nettooms\u00e4ttning p\u00e5 9,1 miljarder kronor.<br \/>\u00a0<\/p>\n<p>&#13;<br \/>\n&#13;<\/p>\n<p>Denna information \u00e4r s\u00e5dan som SWECO \u00e4r skyldigt att offentligg\u00f6ra enligt EU:s marknadsmissbruksf\u00f6rordning (EU nr 596\/2014). Informationen l\u00e4mnades, genom angiven kontaktpersons f\u00f6rsorg, f\u00f6r offentligg\u00f6rande 2025-12-03 08:45 CET.<\/p>\n<p>&#13;<\/p>\n<p>F\u00f6r mer information, v\u00e4nligen kontakta:<br \/>Anna E Olsson, Head of Press, Sweco Group, 070 557 33 26, anna.e.olsson@sweco.se\u00a0<br \/>\u00a0<\/p>\n<p>&#13;<\/p>\n<p>Sweco planerar och utformar morgondagens h\u00e5llbara samh\u00e4llen och st\u00e4der. Med den samlade kunskapen hos v\u00e5ra 23 000 arkitekter, ingenj\u00f6rer och andra experter arbetar vi tillsammans med v\u00e5ra kunder f\u00f6r att m\u00f6jligg\u00f6ra den gr\u00f6na omst\u00e4llningen, maximera digitaliseringens potential och st\u00e4rka samh\u00e4llets motst\u00e5ndskraft. Sweco \u00e4r Europas ledande konsultf\u00f6retag inom arkitektur och teknik med en oms\u00e4ttning p\u00e5 cirka 31 miljarder SEK under 2024. F\u00f6retaget \u00e4r noterat p\u00e5 Nasdaq Stockholm. <a href=\"http:\/\/www.swecogroup.com\" rel=\"nofollow noopener\" target=\"_blank\">www.swecogroup.com<\/a><\/p>\n","protected":false},"excerpt":{"rendered":"&#13; &#13; &#13; &#13; &#13; Fredrik Wallner tilltr\u00e4der som ny vd f\u00f6r Sweco Sverige och blir ocks\u00e5 medlem&hellip;\n","protected":false},"author":2,"featured_media":95943,"comment_status":"","ping_status":"","sticky":false,"template":"","format":"standard","meta":{"footnotes":""},"categories":[65],"tags":[72,70,71,34,31,33,32,30],"class_list":{"0":"post-95942","1":"post","2":"type-post","3":"status-publish","4":"format-standard","5":"has-post-thumbnail","7":"category-ekonomi","8":"tag-business","9":"tag-economy","10":"tag-ekonomi","11":"tag-se","12":"tag-svenska","13":"tag-sverige","14":"tag-sweden","15":"tag-swedish"},"share_on_mastodon":{"url":"https:\/\/pubeurope.com\/@se\/115654931616483702","error":""},"_links":{"self":[{"href":"https:\/\/www.europesays.com\/se\/wp-json\/wp\/v2\/posts\/95942","targetHints":{"allow":["GET"]}}],"collection":[{"href":"https:\/\/www.europesays.com\/se\/wp-json\/wp\/v2\/posts"}],"about":[{"href":"https:\/\/www.europesays.com\/se\/wp-json\/wp\/v2\/types\/post"}],"author":[{"embeddable":true,"href":"https:\/\/www.europesays.com\/se\/wp-json\/wp\/v2\/users\/2"}],"replies":[{"embeddable":true,"href":"https:\/\/www.europesays.com\/se\/wp-json\/wp\/v2\/comments?post=95942"}],"version-history":[{"count":0,"href":"https:\/\/www.europesays.com\/se\/wp-json\/wp\/v2\/posts\/95942\/revisions"}],"wp:featuredmedia":[{"embeddable":true,"href":"https:\/\/www.europesays.com\/se\/wp-json\/wp\/v2\/media\/95943"}],"wp:attachment":[{"href":"https:\/\/www.europesays.com\/se\/wp-json\/wp\/v2\/media?parent=95942"}],"wp:term":[{"taxonomy":"category","embeddable":true,"href":"https:\/\/www.europesays.com\/se\/wp-json\/wp\/v2\/categories?post=95942"},{"taxonomy":"post_tag","embeddable":true,"href":"https:\/\/www.europesays.com\/se\/wp-json\/wp\/v2\/tags?post=95942"}],"curies":[{"name":"wp","href":"https:\/\/api.w.org\/{rel}","templated":true}]}}