{"id":95954,"date":"2025-12-03T09:55:10","date_gmt":"2025-12-03T09:55:10","guid":{"rendered":"https:\/\/www.europesays.com\/se\/95954\/"},"modified":"2025-12-03T09:55:10","modified_gmt":"2025-12-03T09:55:10","slug":"arkitekturgalan-tar-mark-i-skelleftea","status":"publish","type":"post","link":"https:\/\/www.europesays.com\/se\/95954\/","title":{"rendered":"Arkitekturgalan tar mark i Skellefte\u00e5"},"content":{"rendered":"<p class=\"wp-block-sage-preamble\">G\u00f6teborg, Malm\u00f6 och senast Stockholm. Det \u00e4r platserna d\u00e4r Arkitekturgalan har \u00e4gt rum de tre senaste \u00e5ren. \u00c5r 2026 \u00e4r det dags f\u00f6r en ny plats, l\u00e5ngt ifr\u00e5n de tre storst\u00e4derna. <\/p>\n<p>Skellefte\u00e5 \u00e4r den minsta kommun hittills som har st\u00e5tt v\u00e4rd f\u00f6r Arkitekturgalan, men kanske den modigaste. H\u00e4r kommer man inte bara upp med m\u00e5nga id\u00e9er. Kommunen, tillsammans med n\u00e4ringslivet och civilsamh\u00e4llet, ser till att de blir genomf\u00f6rda ocks\u00e5. H\u00e4r \u00e4r gr\u00f6n omst\u00e4llning inte bara ett modeord utan driver utvecklingen.<\/p>\n<p>Det vittnar platsen f\u00f6r Arkitekturgalan om: Sara kulturhus \u00e4r Nordens h\u00f6gsta tr\u00e4byggnad. Studiebes\u00f6ken likas\u00e5. Arkitekturgalans bes\u00f6kare kan v\u00e4lja mellan att titta n\u00e4rmare p\u00e5 bland annat Skellefte\u00e5 Krafts f\u00f6rnyelselabb, \u201dF\u00f6r allm\u00e4nt bruk i Robertsfors\u201d (del av Arkdes forskningsprojekt Visioner: i norr) och Wasteland Climate Action Park.<\/p>\n<p>\u2013 Skellefte\u00e5 \u00e4r en dr\u00f6mplats att arrangera Arkitekturgalan p\u00e5, en modig stad som st\u00e4ndigt och p\u00e5 allvar genomf\u00f6r omst\u00e4llningen till ett h\u00e5llbart samh\u00e4lle. Jag ser b\u00e5de fram emot att dra ig\u00e5ng Arkitekturgalan i Sara Kulturhus och att f\u00e5 se mer av regionen genom studiebes\u00f6ken, s\u00e4ger arkitekt SAR\/MSA Emina Kovacic, ordf\u00f6rande f\u00f6r Sveriges Arkitekter.<\/p>\n<p>Arkitekturgalan 2026 arrangeras av Sveriges Arkitekter i samarbete med Skellefte\u00e5 kommun och Byggherrarna.<\/p>\n","protected":false},"excerpt":{"rendered":"G\u00f6teborg, Malm\u00f6 och senast Stockholm. Det \u00e4r platserna d\u00e4r Arkitekturgalan har \u00e4gt rum de tre senaste \u00e5ren. \u00c5r&hellip;\n","protected":false},"author":2,"featured_media":95955,"comment_status":"","ping_status":"","sticky":false,"template":"","format":"standard","meta":{"footnotes":""},"categories":[12],"tags":[22,23,26,27,17,21,24,25,28,29,15,16,18,34,31,33,32,30,19,20],"class_list":{"0":"post-95954","1":"post","2":"type-post","3":"status-publish","4":"format-standard","5":"has-post-thumbnail","7":"category-sverige","8":"tag-breaking-news","9":"tag-breakingnews","10":"tag-featured-news","11":"tag-featurednews","12":"tag-headlines","13":"tag-huvudnyheter","14":"tag-latest-news","15":"tag-latestnews","16":"tag-main-news","17":"tag-mainnews","18":"tag-news","19":"tag-nyheter","20":"tag-rubriker","21":"tag-se","22":"tag-svenska","23":"tag-sverige","24":"tag-sweden","25":"tag-swedish","26":"tag-top-stories","27":"tag-topstories"},"share_on_mastodon":{"url":"https:\/\/pubeurope.com\/@se\/115655037686164586","error":""},"_links":{"self":[{"href":"https:\/\/www.europesays.com\/se\/wp-json\/wp\/v2\/posts\/95954","targetHints":{"allow":["GET"]}}],"collection":[{"href":"https:\/\/www.europesays.com\/se\/wp-json\/wp\/v2\/posts"}],"about":[{"href":"https:\/\/www.europesays.com\/se\/wp-json\/wp\/v2\/types\/post"}],"author":[{"embeddable":true,"href":"https:\/\/www.europesays.com\/se\/wp-json\/wp\/v2\/users\/2"}],"replies":[{"embeddable":true,"href":"https:\/\/www.europesays.com\/se\/wp-json\/wp\/v2\/comments?post=95954"}],"version-history":[{"count":0,"href":"https:\/\/www.europesays.com\/se\/wp-json\/wp\/v2\/posts\/95954\/revisions"}],"wp:featuredmedia":[{"embeddable":true,"href":"https:\/\/www.europesays.com\/se\/wp-json\/wp\/v2\/media\/95955"}],"wp:attachment":[{"href":"https:\/\/www.europesays.com\/se\/wp-json\/wp\/v2\/media?parent=95954"}],"wp:term":[{"taxonomy":"category","embeddable":true,"href":"https:\/\/www.europesays.com\/se\/wp-json\/wp\/v2\/categories?post=95954"},{"taxonomy":"post_tag","embeddable":true,"href":"https:\/\/www.europesays.com\/se\/wp-json\/wp\/v2\/tags?post=95954"}],"curies":[{"name":"wp","href":"https:\/\/api.w.org\/{rel}","templated":true}]}}