{"id":95956,"date":"2025-12-03T09:56:08","date_gmt":"2025-12-03T09:56:08","guid":{"rendered":"https:\/\/www.europesays.com\/se\/95956\/"},"modified":"2025-12-03T09:56:08","modified_gmt":"2025-12-03T09:56:08","slug":"hd-utdomer-livstid-efter-dubbla-gangbomber","status":"publish","type":"post","link":"https:\/\/www.europesays.com\/se\/95956\/","title":{"rendered":"HD utd\u00f6mer livstid efter dubbla g\u00e4ngbomber"},"content":{"rendered":"<p>HD sk\u00e4rper \u00e4ven straffet f\u00f6r en annan man, som f\u00e5r 14 \u00e5rs f\u00e4ngelse, sedan han av hovr\u00e4tten d\u00f6mdes till elva \u00e5r och tio m\u00e5nader. En tredje man d\u00f6ms ocks\u00e5 till f\u00e4ngelse i 7 \u00e5r och 6 m\u00e5nader f\u00f6r medhj\u00e4lp till grov allm\u00e4nfarlig \u00f6del\u00e4ggelse. <\/p>\n<p>M\u00e5let r\u00f6r tre spr\u00e4ngd\u00e5d i H\u00e4sselby, Link\u00f6ping och Fuller\u00f6 i slutet av september 2023. Samtliga bomber orsakade stora skador p\u00e5 bost\u00e4der och flera personer skadades. Vid d\u00e5det i Fuller\u00f6 skadades en 24-\u00e5rig kvinna s\u00e5 sv\u00e5rt att hon avled.<\/p>\n<p>Mannen som nu f\u00e5r livstid d\u00f6ms f\u00f6r tv\u00e5 fall av grov allm\u00e4nfarlig \u00f6del\u00e4ggelse och i samband med det totalt 13 mordf\u00f6rs\u00f6k, f\u00f6r att ha deltagit i utplaceringen av bomberna i H\u00e4sselby och Link\u00f6ping. I hovr\u00e4tten fick han 18 \u00e5rs f\u00e4ngelse. <\/p>\n<p>I sin v\u00e4gledande dom uttalar HD hur mycket straffen generellt ska sk\u00e4rpas om spr\u00e4ng\u00e4mnen anv\u00e4nts p\u00e5 allm\u00e4n plats, eller om anv\u00e4ndningen haft sin grund i en kriminell konflikt, utifr\u00e5n en lag\u00e4ndring om sk\u00e4rpta straff f\u00f6r \u201dg\u00e4ngbrott\u201d som inf\u00f6rdes sommaren 2023.<\/p>\n<p>\u201dAvg\u00f6randet ger v\u00e4gledning b\u00e5de om hur mycket straffen kan sk\u00e4rpas med st\u00f6d av den nya best\u00e4mmelsen, men det ger ocks\u00e5 v\u00e4gledning om i vilka fall best\u00e4mmelsen \u00e4r till\u00e4mplig\u201d, s\u00e4ger justitier\u00e5det Petter Asp i en kommentar.<\/p>\n<p>Flera personer d\u00f6mdes i hovr\u00e4tten men H\u00f6gsta domstolen har bara tagit upp domarna mot dessa tre m\u00e4n. I hovr\u00e4tten d\u00f6mdes bland annat ytterligare en man till livstids f\u00e4ngelse. Samtliga tre d\u00e5d kopplas till den interna konflikten inom Foxtrotn\u00e4tverket som br\u00f6t ut 2023.<\/p>\n","protected":false},"excerpt":{"rendered":"HD sk\u00e4rper \u00e4ven straffet f\u00f6r en annan man, som f\u00e5r 14 \u00e5rs f\u00e4ngelse, sedan han av hovr\u00e4tten d\u00f6mdes&hellip;\n","protected":false},"author":2,"featured_media":95957,"comment_status":"","ping_status":"","sticky":false,"template":"","format":"standard","meta":{"footnotes":""},"categories":[5],"tags":[22,23,26,27,17,21,24,25,28,29,15,16,18,34,31,33,32,30,19,20],"class_list":{"0":"post-95956","1":"post","2":"type-post","3":"status-publish","4":"format-standard","5":"has-post-thumbnail","7":"category-rubriker","8":"tag-breaking-news","9":"tag-breakingnews","10":"tag-featured-news","11":"tag-featurednews","12":"tag-headlines","13":"tag-huvudnyheter","14":"tag-latest-news","15":"tag-latestnews","16":"tag-main-news","17":"tag-mainnews","18":"tag-news","19":"tag-nyheter","20":"tag-rubriker","21":"tag-se","22":"tag-svenska","23":"tag-sverige","24":"tag-sweden","25":"tag-swedish","26":"tag-top-stories","27":"tag-topstories"},"share_on_mastodon":{"url":"https:\/\/pubeurope.com\/@se\/115655041564784593","error":""},"_links":{"self":[{"href":"https:\/\/www.europesays.com\/se\/wp-json\/wp\/v2\/posts\/95956","targetHints":{"allow":["GET"]}}],"collection":[{"href":"https:\/\/www.europesays.com\/se\/wp-json\/wp\/v2\/posts"}],"about":[{"href":"https:\/\/www.europesays.com\/se\/wp-json\/wp\/v2\/types\/post"}],"author":[{"embeddable":true,"href":"https:\/\/www.europesays.com\/se\/wp-json\/wp\/v2\/users\/2"}],"replies":[{"embeddable":true,"href":"https:\/\/www.europesays.com\/se\/wp-json\/wp\/v2\/comments?post=95956"}],"version-history":[{"count":0,"href":"https:\/\/www.europesays.com\/se\/wp-json\/wp\/v2\/posts\/95956\/revisions"}],"wp:featuredmedia":[{"embeddable":true,"href":"https:\/\/www.europesays.com\/se\/wp-json\/wp\/v2\/media\/95957"}],"wp:attachment":[{"href":"https:\/\/www.europesays.com\/se\/wp-json\/wp\/v2\/media?parent=95956"}],"wp:term":[{"taxonomy":"category","embeddable":true,"href":"https:\/\/www.europesays.com\/se\/wp-json\/wp\/v2\/categories?post=95956"},{"taxonomy":"post_tag","embeddable":true,"href":"https:\/\/www.europesays.com\/se\/wp-json\/wp\/v2\/tags?post=95956"}],"curies":[{"name":"wp","href":"https:\/\/api.w.org\/{rel}","templated":true}]}}