{"id":95966,"date":"2025-12-03T10:16:09","date_gmt":"2025-12-03T10:16:09","guid":{"rendered":"https:\/\/www.europesays.com\/se\/95966\/"},"modified":"2025-12-03T10:16:09","modified_gmt":"2025-12-03T10:16:09","slug":"palme-huvudperson-i-opera-har-allt-man-onskar","status":"publish","type":"post","link":"https:\/\/www.europesays.com\/se\/95966\/","title":{"rendered":"Palme huvudperson i opera \u2013 \u201dhar allt man \u00f6nskar\u201d"},"content":{"rendered":"<p>share-arrowDela<\/p>\n<p>unsaveSpara<\/p>\n<p>expand-left<\/p>\n<p>helsk\u00e4rm<img decoding=\"async\" class=\"image-asset hyperion-css-u06ts1\" data-test-tag=\"image-asset\" src=\"https:\/\/www.europesays.com\/se\/wp-content\/uploads\/2025\/12\/7395598c-1262-484b-b497-22ca4f688080\"  alt=\"Statsminister Olof Palme i samtal med sin f\u00f6retr\u00e4dare Tage Erlander 1970.\"  loading=\"eager\" fetchpriority=\"high\" style=\"aspect-ratio:1900 \/ 1222\"\/>Statsminister Olof Palme i samtal med sin f\u00f6retr\u00e4dare Tage Erlander 1970. Foto: Jan Collsi\u00f6\u00f6\/TT<\/p>\n<p class=\"hyperion-css-1shl3oz\" data-test-tag=\"lead-text\">F\u00f6rfattaren och poeten Malte Persson skriver librettot och komposit\u00f6ren Mika Pelo musiken till en ny opera om personen och politikern Olof Palme.<\/p>\n<p class=\"hyperion-css-1v9qo5x\">Operan f\u00e5r urpremi\u00e4r p\u00e5 Norrlandsoperan h\u00f6sten 2027 , det \u00e5r d\u00e5 Olof Palme skulle ha fyllt 100 \u00e5r.<\/p>\n<p class=\"hyperion-css-1v9qo5x\">\u201dId\u00e9n \u00e4r att skildra folkhemmets ber\u00e4ttelse speglat i Olof Palmes liv\u201d, s\u00e4ger den konstn\u00e4rlige ledaren Dan Turd\u00e9n i ett pressmeddelande. Han tycker att Olof Palme har allt man \u201d\u00f6nskar av en huvudperson i en opera\u201d.<\/p>\n<p class=\"hyperion-css-1v9qo5x\">Operans vd Helle Solberg beskriver Palme som \u201dden mest omdiskuterade statsministern i nyare tid\u201d.<\/p>\n","protected":false},"excerpt":{"rendered":"share-arrowDela unsaveSpara expand-left helsk\u00e4rmStatsminister Olof Palme i samtal med sin f\u00f6retr\u00e4dare Tage Erlander 1970. Foto: Jan Collsi\u00f6\u00f6\/TT F\u00f6rfattaren&hellip;\n","protected":false},"author":2,"featured_media":95967,"comment_status":"","ping_status":"","sticky":false,"template":"","format":"standard","meta":{"footnotes":""},"categories":[67],"tags":[104,34,31,33,32,30,105],"class_list":{"0":"post-95966","1":"post","2":"type-post","3":"status-publish","4":"format-standard","5":"has-post-thumbnail","7":"category-underhallning","8":"tag-entertainment","9":"tag-se","10":"tag-svenska","11":"tag-sverige","12":"tag-sweden","13":"tag-swedish","14":"tag-underhallning"},"share_on_mastodon":{"url":"https:\/\/pubeurope.com\/@se\/115655120387606347","error":""},"_links":{"self":[{"href":"https:\/\/www.europesays.com\/se\/wp-json\/wp\/v2\/posts\/95966","targetHints":{"allow":["GET"]}}],"collection":[{"href":"https:\/\/www.europesays.com\/se\/wp-json\/wp\/v2\/posts"}],"about":[{"href":"https:\/\/www.europesays.com\/se\/wp-json\/wp\/v2\/types\/post"}],"author":[{"embeddable":true,"href":"https:\/\/www.europesays.com\/se\/wp-json\/wp\/v2\/users\/2"}],"replies":[{"embeddable":true,"href":"https:\/\/www.europesays.com\/se\/wp-json\/wp\/v2\/comments?post=95966"}],"version-history":[{"count":0,"href":"https:\/\/www.europesays.com\/se\/wp-json\/wp\/v2\/posts\/95966\/revisions"}],"wp:featuredmedia":[{"embeddable":true,"href":"https:\/\/www.europesays.com\/se\/wp-json\/wp\/v2\/media\/95967"}],"wp:attachment":[{"href":"https:\/\/www.europesays.com\/se\/wp-json\/wp\/v2\/media?parent=95966"}],"wp:term":[{"taxonomy":"category","embeddable":true,"href":"https:\/\/www.europesays.com\/se\/wp-json\/wp\/v2\/categories?post=95966"},{"taxonomy":"post_tag","embeddable":true,"href":"https:\/\/www.europesays.com\/se\/wp-json\/wp\/v2\/tags?post=95966"}],"curies":[{"name":"wp","href":"https:\/\/api.w.org\/{rel}","templated":true}]}}