{"id":95972,"date":"2025-12-03T10:22:09","date_gmt":"2025-12-03T10:22:09","guid":{"rendered":"https:\/\/www.europesays.com\/se\/95972\/"},"modified":"2025-12-03T10:22:09","modified_gmt":"2025-12-03T10:22:09","slug":"tre-ar-efter-intensivvard-forsamrad-psykisk-halsa-for-covidpatienter","status":"publish","type":"post","link":"https:\/\/www.europesays.com\/se\/95972\/","title":{"rendered":"Tre \u00e5r efter intensivv\u00e5rd: F\u00f6rs\u00e4mrad psykisk h\u00e4lsa f\u00f6r covidpatienter"},"content":{"rendered":"<p>\t\t\t\t\t\t<strong>\u00c5terh\u00e4mtningen hos sv\u00e5rt sjuka patienter med covid-19 avtog tydligt efter det f\u00f6rsta \u00e5ret efter sjukdomen \u2013 b\u00e5de fysiskt och psykiskt. Det visar en ny &#13;<br \/>\ntre\u00e5rsuppf\u00f6ljning fr\u00e5n Sk\u00e5nes universitetssjukhus och Lunds universitet. Forskningen omfattar 498 intensivv\u00e5rdade covid-19-patienter i Sk\u00e5ne under &#13;<br \/>\npandemins f\u00f6rsta \u00e5r, varav 303 \u00f6verlevde den akuta fasen.<\/strong><\/p>\n<p>\t\t\t\t\t\t\t\t\t<img decoding=\"async\" class=\"figure-img img-fluid\" src=\"https:\/\/www.europesays.com\/se\/wp-content\/uploads\/2025\/12\/1764757329_747_obj\"\/><br \/>\n\t\t\t\t\t\t\t\t\tTre \u00e5r efter att de v\u00e5rdades p\u00e5 intensivv\u00e5rden f\u00f6r covid \u00e4r det m\u00e5nga som fortfarande lever med betydande h\u00e4lsoproblem.  Fotograf\/K\u00e4lla: Sk\u00e5nes universitetssjukhus<\/p>\n<p>\u2013 Vi ser att m\u00e5nga fortfarande lever med betydande h\u00e4lsoproblem tre \u00e5r efter intensivv\u00e5rden. En stor andel \u00e5terf\u00e5r inte den funktionsniv\u00e5 de hade f\u00f6re sjukdomen, s\u00e4ger Ingrid Didriksson, \u00f6verl\u00e4kare p\u00e5 Sk\u00e5nes universitetssjukhus och doktor vid Lunds universitet, som nyligen disputerat om de l\u00e5ngsiktiga h\u00e4lsoeffekterna hos kritisk sjuka covidpatienter.<\/p>\n<p><img decoding=\"async\" alt=\"Ingrid Didriksson\" src=\"https:\/\/www.europesays.com\/se\/wp-content\/uploads\/2025\/12\/1764757329_246_obj\"\/><br \/>&#13;<br \/>\nIngrid Didriksson<\/p>\n<p><strong>\u00c5terh\u00e4mtningen planade ut efter ett \u00e5r<\/strong><\/p>\n<p>Forskningen visar att den fysiska \u00e5terh\u00e4mtningen f\u00f6rb\u00e4ttrades under det f\u00f6rsta \u00e5ret efter intensivv\u00e5rden: andelen patienter med god funktionell \u00e5terh\u00e4mtning \u00f6kade fr\u00e5n 35 till 64 procent. Men d\u00e4refter planade f\u00f6rb\u00e4ttringen ut. Tre \u00e5r efter intensivv\u00e5rden rapporterade 64 procent fortsatt andningsbesv\u00e4r, och 41 procent upplevde uttalad utmattning (fatigue).<\/p>\n<p>\u2013 En t\u00e4nkbar f\u00f6rklaring \u00e4r att delar av immunf\u00f6rsvaret kan vara aktiverade under l\u00e5ng tid efter den akuta infektionen. Det skulle kunna bidra till l\u00e5ngvariga symtom, men vi vet \u00e4nnu inte s\u00e4kert, s\u00e4ger Ingrid Didriksson.<\/p>\n<p>Hon betonar att detta \u00e4r teorier som beh\u00f6ver studeras vidare.<\/p>\n<p><strong>F\u00f6rs\u00e4mrad psykisk h\u00e4lsa efter tre \u00e5r<\/strong><\/p>\n<p>Den psykiska h\u00e4lsan visade ett annorlunda f\u00f6rlopp. Tre m\u00e5nader efter utskrivning m\u00e5dde m\u00e5nga b\u00e4ttre \u00e4n v\u00e4ntat \u2013 n\u00e5got forskarna tror h\u00e4nger samman med l\u00e4ttnaden \u00f6ver att ha \u00f6verlevt.<\/p>\n<p>Men mellan ett och tre \u00e5r s\u00e5gs en tydlig f\u00f6rs\u00e4mring, med \u00f6kande andel patienter som uppgav \u00e5ngest och depression.<\/p>\n<p>\u2013 De som m\u00e5dde s\u00e4mst i v\u00e5rt underlag var personer mellan 50 och 60 \u00e5r. M\u00e5nga i denna \u00e5lder f\u00f6rv\u00e4ntas kunna \u00e5terg\u00e5 till arbete och vardag, men de fysiska begr\u00e4nsningarna g\u00f6r det sv\u00e5rt. Det kan vara en faktor som p\u00e5verkar det psykiska m\u00e5endet, s\u00e4ger Ingrid Didriksson.<\/p>\n<p><strong>\u00d6verviktiga patienter: oftare intensivv\u00e5rd men god \u00f6verlevnad<\/strong><\/p>\n<p>I studiematerialet var patienter med \u00f6vervikt eller fetma \u00f6verrepresenterade bland dem som beh\u00f6vde intensivv\u00e5rd, vilket \u00f6verensst\u00e4mmer med nationella och internationella data fr\u00e5n pandemin.<\/p>\n<p>Trots detta hade de inte en s\u00e4mre \u00f6verlevnad i den akuta fasen j\u00e4mf\u00f6rt med andra grupper.<\/p>\n<p>\u2013 Det \u00e4r viktigt att framh\u00e5lla att \u00e4ven om \u00f6vervikt \u00f6kade risken att beh\u00f6va intensivv\u00e5rd, s\u00e5 s\u00e5g vi inte en \u00f6kad d\u00f6dlighet bland dessa patienter n\u00e4r de v\u00e4l var p\u00e5 iva, s\u00e4ger Ingrid Didriksson.<\/p>\n<p><strong>Belastning p\u00e5 intensivv\u00e5rden p\u00e5verkade \u00f6verlevnaden<\/strong><\/p>\n<p>Forskningen visar ocks\u00e5 att d\u00f6dligheten var h\u00f6gst under perioden d\u00e5 pandemin skapade st\u00f6rst belastning p\u00e5 intensivv\u00e5rden \u2013 \u00e4ven n\u00e4r forskarna justerat resultaten f\u00f6r hur sv\u00e5rt sjuka patienterna var. Det understryker behovet av att kunna skala upp intensivv\u00e5rdens kapacitet vid framtida kriser, menar Ingrid Didriksson.<\/p>\n<p>\u2013 Vi har inte r\u00e5d att vara of\u00f6rberedda. Det kommer nya pandemier eller andra sjukv\u00e5rdskriser, och d\u00e5 m\u00e5ste vi ha en robust struktur f\u00f6r att snabbt kunna \u00f6ka kapaciteten.<\/p>\n<p><strong>Behov av l\u00e4ngre uppf\u00f6ljning inom v\u00e5rden<\/strong><\/p>\n<p>Den rutinm\u00e4ssiga uppf\u00f6ljningen inom intensivv\u00e5rden best\u00e5r i dag av ett bes\u00f6k, tre till sex m\u00e5nader efter intensivv\u00e5rden. L\u00e4ngre uppf\u00f6ljningar f\u00f6rekommer, men \u00e4r inte standard.<br \/>&#13;<br \/>\n\u00a0<br \/>&#13;<br \/>\n\u2013 V\u00e5ra data visar att effekterna av sv\u00e5r covid ofta kvarst\u00e5r i flera \u00e5r. Det talar f\u00f6r behovet av mer l\u00e5ngvariga och multidisciplin\u00e4ra uppf\u00f6ljningsinsatser, s\u00e4ger Ingrid Didriksson.<\/p>\n<p><strong>Fakta: Om studien<\/strong><\/p>\n<ul>&#13;<\/p>\n<li>Ingrid Didriksson disputerade med avhandlingen \u201dBiomarkers and outcomes in critically Ill COVID-19 patients\u201d i november 2025. <a href=\"https:\/\/lucris.lub.lu.se\/ws\/portalfiles\/portal\/228747448\/250930_e-spik_ex_Ingrid_Didriksson.pdf\" rel=\"nofollow noopener\" target=\"_blank\">250930_e-spik_ex_Ingrid_Didriksson.pdf<\/a>.<br \/>&#13;<br \/>\n\t\u00a0<\/li>\n<p>&#13;<\/p>\n<li>Forskningen omfattar 498 intensivv\u00e5rdade covid-19-patienter i Sk\u00e5ne mellan maj 2020 och maj 2021. Av dessa \u00f6verlevde 303 den akuta fasen och har f\u00f6ljts upp under tre \u00e5rs tid. I studien har sparade blodprover fr\u00e5n provsamlingen SWECRIT anv\u00e4nts.<br \/>&#13;<br \/>\n\t\u00a0<\/li>\n<p>&#13;<\/p>\n<li>F\u00f6r att f\u00f6rst\u00e5 de l\u00e5ngsiktiga effekterna analyserades biomark\u00f6ren kalprotektin, som \u00e4r kopplad till det medf\u00f6dda immunf\u00f6rsvaret. Hos patienterna i studien var niv\u00e5erna f\u00f6rh\u00f6jda under den akuta sjukdomen och \u00f6kade dessutom under den f\u00f6rsta veckan. Detta kan tala f\u00f6r en utdragen inflammatorisk respons, vilket i sin tur kan vara relevant f\u00f6r f\u00f6rst\u00e5elsen av postcovid-symtom \u2013 \u00e4ven om det beh\u00f6vs mer forskning.<br \/>&#13;<br \/>\n\t\u00a0<\/li>\n<p>&#13;<\/p>\n<li>En av delstudierna i avhandlingen unders\u00f6kte ocks\u00e5 betydelsen av klinisk sk\u00f6rhet. Resultaten visar att patienter med sk\u00f6rhet \u2013 det vill s\u00e4ga en \u00f6kad s\u00e5rbarhet f\u00f6r fysiska p\u00e5frestningar \u2013 hade b\u00e5de h\u00f6gre d\u00f6dlighet och s\u00e4mre \u00e5terh\u00e4mtning \u00e4n andra patienter. Fynden pekar p\u00e5 vikten av att tidigt identifiera sk\u00f6rhet f\u00f6r att kunna ge r\u00e4tt st\u00f6dinsatser och f\u00f6rb\u00e4ttra m\u00f6jligheterna till \u00e5terh\u00e4mtning.<\/li>\n<p>&#13;\n<\/ul>\n<p><strong>F\u00f6r mer information kontakta:<\/strong><\/p>\n<p>Ingrid Didriksson, \u00f6verl\u00e4kare p\u00e5 Sk\u00e5nes universitetssjukhus och doktor vid Lunds universitet: <a href=\"https:\/\/press.newsmachine.com\/pressrelease\/view\/mailto:Ingrid.Didriksson@skane.se\" rel=\"nofollow noopener\" target=\"_blank\">Ingrid.Didriksson@skane.se<\/a><\/p>\n","protected":false},"excerpt":{"rendered":"\u00c5terh\u00e4mtningen hos sv\u00e5rt sjuka patienter med covid-19 avtog tydligt efter det f\u00f6rsta \u00e5ret efter sjukdomen \u2013 b\u00e5de fysiskt&hellip;\n","protected":false},"author":2,"featured_media":95973,"comment_status":"","ping_status":"","sticky":false,"template":"","format":"standard","meta":{"footnotes":""},"categories":[69],"tags":[113,112,34,31,33,32,30],"class_list":{"0":"post-95972","1":"post","2":"type-post","3":"status-publish","4":"format-standard","5":"has-post-thumbnail","7":"category-halsa","8":"tag-halsa","9":"tag-health","10":"tag-se","11":"tag-svenska","12":"tag-sverige","13":"tag-sweden","14":"tag-swedish"},"share_on_mastodon":{"url":"https:\/\/pubeurope.com\/@se\/115655144173635283","error":""},"_links":{"self":[{"href":"https:\/\/www.europesays.com\/se\/wp-json\/wp\/v2\/posts\/95972","targetHints":{"allow":["GET"]}}],"collection":[{"href":"https:\/\/www.europesays.com\/se\/wp-json\/wp\/v2\/posts"}],"about":[{"href":"https:\/\/www.europesays.com\/se\/wp-json\/wp\/v2\/types\/post"}],"author":[{"embeddable":true,"href":"https:\/\/www.europesays.com\/se\/wp-json\/wp\/v2\/users\/2"}],"replies":[{"embeddable":true,"href":"https:\/\/www.europesays.com\/se\/wp-json\/wp\/v2\/comments?post=95972"}],"version-history":[{"count":0,"href":"https:\/\/www.europesays.com\/se\/wp-json\/wp\/v2\/posts\/95972\/revisions"}],"wp:featuredmedia":[{"embeddable":true,"href":"https:\/\/www.europesays.com\/se\/wp-json\/wp\/v2\/media\/95973"}],"wp:attachment":[{"href":"https:\/\/www.europesays.com\/se\/wp-json\/wp\/v2\/media?parent=95972"}],"wp:term":[{"taxonomy":"category","embeddable":true,"href":"https:\/\/www.europesays.com\/se\/wp-json\/wp\/v2\/categories?post=95972"},{"taxonomy":"post_tag","embeddable":true,"href":"https:\/\/www.europesays.com\/se\/wp-json\/wp\/v2\/tags?post=95972"}],"curies":[{"name":"wp","href":"https:\/\/api.w.org\/{rel}","templated":true}]}}