{"id":95981,"date":"2025-12-03T10:30:09","date_gmt":"2025-12-03T10:30:09","guid":{"rendered":"https:\/\/www.europesays.com\/se\/95981\/"},"modified":"2025-12-03T10:30:09","modified_gmt":"2025-12-03T10:30:09","slug":"farlig-fastingsjukdom-har-okat-i-helsingfors-huvudstadsregionen","status":"publish","type":"post","link":"https:\/\/www.europesays.com\/se\/95981\/","title":{"rendered":"Farlig f\u00e4stingsjukdom har \u00f6kat i Helsingfors | Huvudstadsregionen"},"content":{"rendered":"<p class=\"aw-1gybjub aw-5vja16 kEtdKx kmuxyA yle__article__paragraph\">F\u00e4stingburen hj\u00e4rnhinneinflammation (TBE) har \u00f6kat sedan i fjol i huvudstadsregionen. Majoriteten av de insjuknade var ovaccinerade.<\/p>\n<p><img decoding=\"async\" alt=\"F\u00e4sting som kl\u00e4ttrar p\u00e5 en tumme.\" src=\"https:\/\/www.europesays.com\/se\/wp-content\/uploads\/2025\/12\/39-152395268c95e71d87cb.jpeg\" class=\"aw-1l9m598 hKVVvP\"\/><\/p>\n<p>\u00d6ppna bildvisare<\/p>\n<p>Allt fler TBE-fall har diagnosticerats inom HUS. Bild: Atte HenrikssonLyssna (du h\u00f6r en artificiell r\u00f6st) 1:52<\/p>\n<p class=\"aw-1gybjub aw-1p7kakr kEtdKx cEmitX yle__article__paragraph\">M\u00e4ngden TBE-fall har stigit klart fr\u00e5n i fjol inom HUS omr\u00e5det. \u00c5r 2024 fick 91 personer diagnosen, mot 120 i slutet av november.<\/p>\n<p class=\"aw-1gybjub aw-1p7kakr kEtdKx cEmitX yle__article__paragraph\">Fallen har \u00f6kat speciellt mycket i Helsingfors. En del av de insjuknade kan ha blivit smittade p\u00e5 annan ort.<\/p>\n<p>Tre av fyra har d\u00e5ligt vaccinskydd<\/p>\n<p class=\"aw-1gybjub aw-1p7kakr kEtdKx cEmitX yle__article__paragraph\">Som v\u00e4rst var en tredjedel av alla intagna p\u00e5 neurologiska v\u00e5rdavdelningen vid Jorvs sjukhus i somras s\u00e5dana som drabbats av TBE.<\/p>\n<p class=\"aw-1gybjub aw-1p7kakr kEtdKx cEmitX yle__article__paragraph\">Tv\u00e5 procent av dem som fick diagnosen inom HUS avled p\u00e5 grund av sjukdomen.<\/p>\n<p class=\"aw-1gybjub aw-1p7kakr kEtdKx cEmitX yle__article__paragraph\">En betydande del av TBE-fallen med lindriga symptom f\u00e5r aldrig en diagnos, s\u00e5 den verkliga d\u00f6dligheten \u00e4r l\u00e4gre.<\/p>\n<p class=\"aw-1gybjub aw-1p7kakr kEtdKx cEmitX yle__article__paragraph\">Av de insjuknade var n\u00e4stan 70 procent ovaccinerade, medan 13 procent hade ofullst\u00e4ndigt eller f\u00f6r\u00e5ldrat skydd.<\/p>\n<p>Vanligare \u00e4n herpes<\/p>\n<p class=\"aw-1gybjub aw-1p7kakr kEtdKx cEmitX yle__article__paragraph\">Nu har f\u00e4stingburen hj\u00e4rnhinneinflammation g\u00e5tt om herpesviruset d\u00e5 det g\u00e4ller sjukdomar som f\u00f6rorsakar allvarlig febersjukdom, \u00e5tminstone under sommaren.<\/p>\n<p class=\"aw-1gybjub aw-1p7kakr kEtdKx cEmitX yle__article__paragraph\">TBE-viruset smittar redan i ett tidigt skede av f\u00e4stingbettet. Endast en del smittade upplever symptom och f\u00f6r 20-30 procent utvecklas en egentlig hj\u00e4rnhinneinflammation.<\/p>\n<p class=\"aw-1gybjub aw-1p7kakr kEtdKx cEmitX yle__article__paragraph\">TBE-vaccinet hindrar sjukdomen hos 90 procent av de vaccinerade. Vid HUS uppmanar specialistl\u00e4kare <strong class=\"aw-ak79eh KyCXm yle__article__strong\">Elisa Kortela<\/strong> m\u00e4nniskor i riskomr\u00e5den att l\u00e5ta vaccinera sig redan nu, med tanke p\u00e5 n\u00e4sta sommar. P\u00e5 s\u00e5 s\u00e4tt skulle sjukdomsfallen minska.<\/p>\n<p class=\"aw-1gybjub aw-1p7kakr kEtdKx cEmitX yle__article__paragraph\">Skydd mot TBE f\u00e5s med en grundserie p\u00e5 tre vaccineringar. Efter det kr\u00e4vs p\u00e5fyllnadsdoser.<\/p>\n","protected":false},"excerpt":{"rendered":"F\u00e4stingburen hj\u00e4rnhinneinflammation (TBE) har \u00f6kat sedan i fjol i huvudstadsregionen. Majoriteten av de insjuknade var ovaccinerade. \u00d6ppna bildvisare&hellip;\n","protected":false},"author":2,"featured_media":95982,"comment_status":"","ping_status":"","sticky":false,"template":"","format":"standard","meta":{"footnotes":""},"categories":[69],"tags":[631,675,677,684,113,3287,112,1278,683,682,34,674,2119,31,33,32,30,2931],"class_list":{"0":"post-95981","1":"post","2":"type-post","3":"status-publish","4":"format-standard","5":"has-post-thumbnail","7":"category-halsa","8":"tag-fastingar","9":"tag-fastingburen-hjarninflammation","10":"tag-fastingburna-sjukdomar","11":"tag-finland","12":"tag-halsa","13":"tag-halso-och-sjukvard","14":"tag-health","15":"tag-huvudstadsregionen","16":"tag-inrikes","17":"tag-nyland","18":"tag-se","19":"tag-sjukdomar","20":"tag-smittsamma-sjukdomar","21":"tag-svenska","22":"tag-sverige","23":"tag-sweden","24":"tag-swedish","25":"tag-vaccinering"},"share_on_mastodon":{"url":"https:\/\/pubeurope.com\/@se\/115655175665383148","error":""},"_links":{"self":[{"href":"https:\/\/www.europesays.com\/se\/wp-json\/wp\/v2\/posts\/95981","targetHints":{"allow":["GET"]}}],"collection":[{"href":"https:\/\/www.europesays.com\/se\/wp-json\/wp\/v2\/posts"}],"about":[{"href":"https:\/\/www.europesays.com\/se\/wp-json\/wp\/v2\/types\/post"}],"author":[{"embeddable":true,"href":"https:\/\/www.europesays.com\/se\/wp-json\/wp\/v2\/users\/2"}],"replies":[{"embeddable":true,"href":"https:\/\/www.europesays.com\/se\/wp-json\/wp\/v2\/comments?post=95981"}],"version-history":[{"count":0,"href":"https:\/\/www.europesays.com\/se\/wp-json\/wp\/v2\/posts\/95981\/revisions"}],"wp:featuredmedia":[{"embeddable":true,"href":"https:\/\/www.europesays.com\/se\/wp-json\/wp\/v2\/media\/95982"}],"wp:attachment":[{"href":"https:\/\/www.europesays.com\/se\/wp-json\/wp\/v2\/media?parent=95981"}],"wp:term":[{"taxonomy":"category","embeddable":true,"href":"https:\/\/www.europesays.com\/se\/wp-json\/wp\/v2\/categories?post=95981"},{"taxonomy":"post_tag","embeddable":true,"href":"https:\/\/www.europesays.com\/se\/wp-json\/wp\/v2\/tags?post=95981"}],"curies":[{"name":"wp","href":"https:\/\/api.w.org\/{rel}","templated":true}]}}