{"id":95990,"date":"2025-12-03T10:38:09","date_gmt":"2025-12-03T10:38:09","guid":{"rendered":"https:\/\/www.europesays.com\/se\/95990\/"},"modified":"2025-12-03T10:38:09","modified_gmt":"2025-12-03T10:38:09","slug":"aggressiv-fagelinfluensa-sprids-expert-varnar","status":"publish","type":"post","link":"https:\/\/www.europesays.com\/se\/95990\/","title":{"rendered":"Aggressiv f\u00e5gelinfluensa sprids \u2013 expert varnar"},"content":{"rendered":"<p class=\"boxtextgrotesk-root_baa6 hyperion-css-7pajle\">Uppdaterad 11.36 | Publicerad 11.11<\/p>\n<p>share-arrowDela<\/p>\n<p>unsaveSpara<\/p>\n<p>expand-left<\/p>\n<p>helsk\u00e4rm<img decoding=\"async\" class=\"image-asset hyperion-css-u06ts1\" data-test-tag=\"image-asset\" src=\"https:\/\/www.europesays.com\/se\/wp-content\/uploads\/2025\/12\/b9b831fd-d232-446d-ad1a-520d8d9f130c\"  alt=\"Ett utbrott av en aggressiv form av f\u00e5gelinfluensa har drabbat Sk\u00e5ne. Arkivbild.\"  loading=\"eager\" fetchpriority=\"high\" style=\"aspect-ratio:1900 \/ 1517\"\/>Ett utbrott av en aggressiv form av f\u00e5gelinfluensa har drabbat Sk\u00e5ne. Arkivbild. Foto: Gunnar Lundmark\/Svd\/TT<\/p>\n<p class=\"hyperion-css-1shl3oz\" data-test-tag=\"lead-text\">De senaste veckorna har allt fler f\u00e5glar insjuknat och d\u00f6tt i en aggressiv form av f\u00e5gelinfluensa, skriver Birdlife Sverige i ett pressmeddelande.<\/p>\n<p class=\"hyperion-css-1v9qo5x\">Nu uppmanar Jonas Waldenstr\u00f6m, professor i mikrobiologi vid Linn\u00e9universitetet, allm\u00e4nheten att inte r\u00f6ra sjuka f\u00e5glar.<\/p>\n<p class=\"hyperion-css-1v9qo5x\">\u201dRisken f\u00f6r att viruset \u00f6verf\u00f6rs till m\u00e4nniska \u00e4r liten, men den finns, och med den h\u00f6gpatogena varianten \u00e4r virusm\u00e4ngderna stora hos sjuka f\u00e5glar\u201d, s\u00e4ger han enligt pressmeddelandet.<\/p>\n<p class=\"hyperion-css-1v9qo5x\">Trenden g\u00e5r framf\u00f6r allt att se i Sk\u00e5ne och har drabbat f\u00e5gelarter som g\u00e4ss och tranor. Utbrottet \u00e4r enligt Waldenstr\u00f6m inte f\u00f6rv\u00e5nande.<\/p>\n<p class=\"hyperion-css-1v9qo5x\">\u201dDet \u00e4r helt v\u00e4ntat givet utvecklingen under h\u00f6sten i Tyskland, Frankrike, Spanien och Storbritannien d\u00e4r bland annat tusentals tranor d\u00f6tt i f\u00e5gelinfluensa\u201d.<\/p>\n<p class=\"hyperion-css-1v9qo5x\">Han tror att utbrottet kommer att klinga av under vintern, men att f\u00e5gelinfluensan \u00e4r h\u00e4r f\u00f6r att stanna eftersom smittan har en global utbredning.<\/p>\n<p class=\"hyperion-css-1v9qo5x\">\u201dDet \u00e4r inte bra. En hel del d\u00e4ggdjur som r\u00e4var, s\u00e4lar och till och med kor i Nordamerika har blivit sjuka. Men det \u00e4r sv\u00e5rt att sia om framtiden\u201d.<\/p>\n","protected":false},"excerpt":{"rendered":"Uppdaterad 11.36 | Publicerad 11.11 share-arrowDela unsaveSpara expand-left helsk\u00e4rmEtt utbrott av en aggressiv form av f\u00e5gelinfluensa har drabbat&hellip;\n","protected":false},"author":2,"featured_media":95991,"comment_status":"","ping_status":"","sticky":false,"template":"","format":"standard","meta":{"footnotes":""},"categories":[69],"tags":[113,112,34,31,33,32,30],"class_list":{"0":"post-95990","1":"post","2":"type-post","3":"status-publish","4":"format-standard","5":"has-post-thumbnail","7":"category-halsa","8":"tag-halsa","9":"tag-health","10":"tag-se","11":"tag-svenska","12":"tag-sverige","13":"tag-sweden","14":"tag-swedish"},"share_on_mastodon":{"url":"https:\/\/pubeurope.com\/@se\/115655206917168381","error":""},"_links":{"self":[{"href":"https:\/\/www.europesays.com\/se\/wp-json\/wp\/v2\/posts\/95990","targetHints":{"allow":["GET"]}}],"collection":[{"href":"https:\/\/www.europesays.com\/se\/wp-json\/wp\/v2\/posts"}],"about":[{"href":"https:\/\/www.europesays.com\/se\/wp-json\/wp\/v2\/types\/post"}],"author":[{"embeddable":true,"href":"https:\/\/www.europesays.com\/se\/wp-json\/wp\/v2\/users\/2"}],"replies":[{"embeddable":true,"href":"https:\/\/www.europesays.com\/se\/wp-json\/wp\/v2\/comments?post=95990"}],"version-history":[{"count":0,"href":"https:\/\/www.europesays.com\/se\/wp-json\/wp\/v2\/posts\/95990\/revisions"}],"wp:featuredmedia":[{"embeddable":true,"href":"https:\/\/www.europesays.com\/se\/wp-json\/wp\/v2\/media\/95991"}],"wp:attachment":[{"href":"https:\/\/www.europesays.com\/se\/wp-json\/wp\/v2\/media?parent=95990"}],"wp:term":[{"taxonomy":"category","embeddable":true,"href":"https:\/\/www.europesays.com\/se\/wp-json\/wp\/v2\/categories?post=95990"},{"taxonomy":"post_tag","embeddable":true,"href":"https:\/\/www.europesays.com\/se\/wp-json\/wp\/v2\/tags?post=95990"}],"curies":[{"name":"wp","href":"https:\/\/api.w.org\/{rel}","templated":true}]}}