{"id":96106,"date":"2025-12-03T13:11:12","date_gmt":"2025-12-03T13:11:12","guid":{"rendered":"https:\/\/www.europesays.com\/se\/96106\/"},"modified":"2025-12-03T13:11:12","modified_gmt":"2025-12-03T13:11:12","slug":"djurgardens-besked-trio-lamnar-damallsvenskan","status":"publish","type":"post","link":"https:\/\/www.europesays.com\/se\/96106\/","title":{"rendered":"Djurg\u00e5rdens besked: Trio l\u00e4mnar &#8211; Damallsvenskan"},"content":{"rendered":"<p>Djurg\u00e5rden g\u00e5r under onsdagen ut med att tre spelare l\u00e4mnar &#8211; Sura Yekka, Zara J\u00f6nsson och Casey Phair. F\u00f6r Phairs del blir det en \u00e5terkomst till Angel City, d\u00e5 l\u00e5net har g\u00e5tt ut. <\/p>\n<p>Sportchefen Jean Balawo tackar av spelarna. <\/p>\n<p>&#8211; Sura Yekka \u00e4r en spelare som hela tiden har varit professionell och gett hundra b\u00e5de i tr\u00e4ningsmilj\u00f6n och spelargruppen. Avtalet l\u00f6per ut nu och vi tackar och \u00f6nskar henne ett stort lycka till fram\u00f6ver, s\u00e4ger han och forts\u00e4tter:<\/p>\n<p>&#8211; F\u00f6r Zara J\u00f6nssons del blev hennes sejour hos oss oturligt kantad av skador. Sista perioden var hon sedan utl\u00e5nad till Halmstad och hj\u00e4lpte dem att s\u00e4kra kontraktet i division 1. En fantastisk m\u00e4nniska med en bra karakt\u00e4r som vi ocks\u00e5 tackar och \u00f6nskar ett stort lycka till i framtiden.<\/p>\n<p>&#8211; N\u00e4r det g\u00e4ller Casey Phair \u00e4r det en ung spelare med h\u00f6g potential som under sin tid hos oss visat att hon kan bli en v\u00e4ldigt duktig fotbollsspelare p\u00e5 sikt. L\u00e5neavtalet l\u00f6per dock ut, s\u00e5 vi riktar ett stort tack och \u00f6nskar lycka till n\u00e4r hon nu \u00e5terv\u00e4nder.<\/p>\n<p>Djurg\u00e5rden slutade i \u00e5r p\u00e5 fj\u00e4rde plats i damallsvenskan. <\/p>\n","protected":false},"excerpt":{"rendered":"Djurg\u00e5rden g\u00e5r under onsdagen ut med att tre spelare l\u00e4mnar &#8211; Sura Yekka, Zara J\u00f6nsson och Casey Phair.&hellip;\n","protected":false},"author":2,"featured_media":96107,"comment_status":"","ping_status":"","sticky":false,"template":"","format":"standard","meta":{"footnotes":""},"categories":[68],"tags":[34,111,110,31,33,32,30],"class_list":{"0":"post-96106","1":"post","2":"type-post","3":"status-publish","4":"format-standard","5":"has-post-thumbnail","7":"category-sport","8":"tag-se","9":"tag-sport","10":"tag-sports","11":"tag-svenska","12":"tag-sverige","13":"tag-sweden","14":"tag-swedish"},"share_on_mastodon":{"url":"https:\/\/pubeurope.com\/@se\/115655808431068678","error":""},"_links":{"self":[{"href":"https:\/\/www.europesays.com\/se\/wp-json\/wp\/v2\/posts\/96106","targetHints":{"allow":["GET"]}}],"collection":[{"href":"https:\/\/www.europesays.com\/se\/wp-json\/wp\/v2\/posts"}],"about":[{"href":"https:\/\/www.europesays.com\/se\/wp-json\/wp\/v2\/types\/post"}],"author":[{"embeddable":true,"href":"https:\/\/www.europesays.com\/se\/wp-json\/wp\/v2\/users\/2"}],"replies":[{"embeddable":true,"href":"https:\/\/www.europesays.com\/se\/wp-json\/wp\/v2\/comments?post=96106"}],"version-history":[{"count":0,"href":"https:\/\/www.europesays.com\/se\/wp-json\/wp\/v2\/posts\/96106\/revisions"}],"wp:featuredmedia":[{"embeddable":true,"href":"https:\/\/www.europesays.com\/se\/wp-json\/wp\/v2\/media\/96107"}],"wp:attachment":[{"href":"https:\/\/www.europesays.com\/se\/wp-json\/wp\/v2\/media?parent=96106"}],"wp:term":[{"taxonomy":"category","embeddable":true,"href":"https:\/\/www.europesays.com\/se\/wp-json\/wp\/v2\/categories?post=96106"},{"taxonomy":"post_tag","embeddable":true,"href":"https:\/\/www.europesays.com\/se\/wp-json\/wp\/v2\/tags?post=96106"}],"curies":[{"name":"wp","href":"https:\/\/api.w.org\/{rel}","templated":true}]}}