{"id":96108,"date":"2025-12-03T13:12:15","date_gmt":"2025-12-03T13:12:15","guid":{"rendered":"https:\/\/www.europesays.com\/se\/96108\/"},"modified":"2025-12-03T13:12:15","modified_gmt":"2025-12-03T13:12:15","slug":"jattebrollop-i-gaza-under-skor-vapenvila","status":"publish","type":"post","link":"https:\/\/www.europesays.com\/se\/96108\/","title":{"rendered":"J\u00e4ttebr\u00f6llop i Gaza under sk\u00f6r vapenvila"},"content":{"rendered":"<p>share-arrowDela<\/p>\n<p>unsaveSpara<\/p>\n<p>chevron-leftf\u00f6reg\u00e5ende<\/p>\n<ul class=\"carousel-container-viewport\" style=\"transform:translate3d(0%, 0, 0)\">\n<li class=\"carousel-slide\" style=\"z-index:1;filter:none(1);padding-bottom:66.68421%\"><img decoding=\"async\" class=\"image-asset hyperion-css-u06ts1\" data-test-tag=\"image-asset\" src=\"https:\/\/www.europesays.com\/se\/wp-content\/uploads\/2025\/12\/64467667-61df-40c2-a842-4d442538743d\"  alt=\"\"  fetchpriority=\"auto\" style=\"aspect-ratio:1900 \/ 1267\"\/><\/li>\n<li class=\"carousel-slide\" style=\"filter:none(0.3);padding-bottom:66.68421%\"><img decoding=\"async\" class=\"image-asset hyperion-css-u06ts1\" data-test-tag=\"image-asset\" src=\"https:\/\/www.europesays.com\/se\/wp-content\/uploads\/2025\/12\/a06f0701-8fba-4d5c-9dd1-b184597e6e81\"  alt=\"\"  fetchpriority=\"auto\" style=\"aspect-ratio:1900 \/ 1267\"\/><\/li>\n<\/ul>\n<p>expand-left<\/p>\n<p>helsk\u00e4rmchevron-rightn\u00e4staPalestinska par deltog i ett massbr\u00f6llop i Khan Yunis i Gaza p\u00e5 tisdagen.<\/p>\n<p>1 \/ 2Foto: Abdel Kareem Hana\/AP\/TT<\/p>\n<p class=\"hyperion-css-1shl3oz\" data-test-tag=\"lead-text\">\u00d6ver 50 par har gift sig i ett massbr\u00f6llop i s\u00f6dra Gaza. Firandet var en s\u00e4llsynt stund av gl\u00e4dje efter tv\u00e5 \u00e5r av krig.<\/p>\n<p class=\"hyperion-css-1shl3oz\" data-test-tag=\"lead-text\">\u2013 Om Gud vill kommer detta att vara slutet p\u00e5 kriget, s\u00e4ger brudgummen Hikmat Lawwa.<\/p>\n<p class=\"hyperion-css-1v9qo5x\">Br\u00f6llop har blivit ovanliga i Gaza under kriget. Men p\u00e5 tisdagen gick Eman Hassan Lawwa hand i hand med Hikmat Lawwa f\u00f6rbi f\u00f6rst\u00f6rda byggnader i Khan Yunis. Hon kl\u00e4dd i traditionella palestinska m\u00f6nster, han i kostym \u2013 precis som tiotals andra brudpar p\u00e5 plats.<\/p>\n<p class=\"hyperion-css-1v9qo5x\">\u2013 Trots allt som har h\u00e4nt kommer vi att b\u00f6rja ett nytt liv, s\u00e4ger Hikmat Lawwa.<\/p>\n<p class=\"hyperion-css-1v9qo5x\">Folkmassor viftade med palestinska flaggor, men firandet var \u00e4nd\u00e5 mycket mer d\u00e4mpat \u00e4n i vanliga fall. De flesta av de tv\u00e5 miljoner inv\u00e5narna har f\u00f6rdrivits under kriget, hela stadsdelar har j\u00e4mnats med marken och bristen p\u00e5 f\u00f6rn\u00f6denheter \u00e4r fortfarande stor.<\/p>\n<p class=\"hyperion-css-1v9qo5x\">Eman Hassan Lawwa och Hikmat Lawwa har under kriget flytt fr\u00e5n staden Dayr al-Balah och har k\u00e4mpat f\u00f6r att hitta grundl\u00e4ggande saker som mat och tak \u00f6ver huvudet.<\/p>\n<p class=\"hyperion-css-1v9qo5x\">\u2013 Vi vill vara lyckliga som resten av v\u00e4rlden. Jag brukade dr\u00f6mma om att ha ett hem, ett jobb och vara som alla andra, s\u00e4ger Hikmat Lawwa.<\/p>\n<p class=\"hyperion-css-1v9qo5x\">\u2013 I dag \u00e4r min dr\u00f6m att hitta ett t\u00e4lt att bo i.<\/p>\n<p class=\"hyperion-css-1v9qo5x\">Eman Hassan Lawwa s\u00e4ger att br\u00f6llopet gav en stund av l\u00e4ttnad i allt lidande, men l\u00e4gger till att det ocks\u00e5 pr\u00e4glades av f\u00f6rlusten av hennes f\u00f6r\u00e4ldrar och andra anh\u00f6riga som d\u00f6dats under kriget.<\/p>\n<p class=\"hyperion-css-1v9qo5x\">\u2013 Det \u00e4r sv\u00e5rt att uppleva gl\u00e4dje efter s\u00e5dan sorg, s\u00e4ger hon.<\/p>\n<p class=\"hyperion-css-1v9qo5x\">J\u00e4ttebr\u00f6llopet finansierades av hj\u00e4lporganisationen al-Fares al-Shahim som st\u00f6ttas av F\u00f6renade arabemiraten.<\/p>\n","protected":false},"excerpt":{"rendered":"share-arrowDela unsaveSpara chevron-leftf\u00f6reg\u00e5ende expand-left helsk\u00e4rmchevron-rightn\u00e4staPalestinska par deltog i ett massbr\u00f6llop i Khan Yunis i Gaza p\u00e5 tisdagen. 1&hellip;\n","protected":false},"author":2,"featured_media":96109,"comment_status":"","ping_status":"","sticky":false,"template":"","format":"standard","meta":{"footnotes":""},"categories":[67],"tags":[104,34,31,33,32,30,105],"class_list":{"0":"post-96108","1":"post","2":"type-post","3":"status-publish","4":"format-standard","5":"has-post-thumbnail","7":"category-underhallning","8":"tag-entertainment","9":"tag-se","10":"tag-svenska","11":"tag-sverige","12":"tag-sweden","13":"tag-swedish","14":"tag-underhallning"},"share_on_mastodon":{"url":"https:\/\/pubeurope.com\/@se\/115655812564554500","error":""},"_links":{"self":[{"href":"https:\/\/www.europesays.com\/se\/wp-json\/wp\/v2\/posts\/96108","targetHints":{"allow":["GET"]}}],"collection":[{"href":"https:\/\/www.europesays.com\/se\/wp-json\/wp\/v2\/posts"}],"about":[{"href":"https:\/\/www.europesays.com\/se\/wp-json\/wp\/v2\/types\/post"}],"author":[{"embeddable":true,"href":"https:\/\/www.europesays.com\/se\/wp-json\/wp\/v2\/users\/2"}],"replies":[{"embeddable":true,"href":"https:\/\/www.europesays.com\/se\/wp-json\/wp\/v2\/comments?post=96108"}],"version-history":[{"count":0,"href":"https:\/\/www.europesays.com\/se\/wp-json\/wp\/v2\/posts\/96108\/revisions"}],"wp:featuredmedia":[{"embeddable":true,"href":"https:\/\/www.europesays.com\/se\/wp-json\/wp\/v2\/media\/96109"}],"wp:attachment":[{"href":"https:\/\/www.europesays.com\/se\/wp-json\/wp\/v2\/media?parent=96108"}],"wp:term":[{"taxonomy":"category","embeddable":true,"href":"https:\/\/www.europesays.com\/se\/wp-json\/wp\/v2\/categories?post=96108"},{"taxonomy":"post_tag","embeddable":true,"href":"https:\/\/www.europesays.com\/se\/wp-json\/wp\/v2\/tags?post=96108"}],"curies":[{"name":"wp","href":"https:\/\/api.w.org\/{rel}","templated":true}]}}