{"id":96144,"date":"2025-12-03T13:43:13","date_gmt":"2025-12-03T13:43:13","guid":{"rendered":"https:\/\/www.europesays.com\/se\/96144\/"},"modified":"2025-12-03T13:43:13","modified_gmt":"2025-12-03T13:43:13","slug":"sverige-foll-i-nations-league-brons-till-frankrike-efter-forlangning","status":"publish","type":"post","link":"https:\/\/www.europesays.com\/se\/96144\/","title":{"rendered":"Sverige f\u00f6ll i Nations League \u2013 brons till Frankrike efter f\u00f6rl\u00e4ngning"},"content":{"rendered":"<p>\t<a class=\"skip-link screen-reader-text\" href=\"#content\">Forts\u00e4tt till inneh\u00e5llet<\/a><\/p>\n<p>\t\t\t<a class=\"fusion-logo-link\" href=\"https:\/\/www.vm-fotboll.se\/\" rel=\"nofollow noopener\" target=\"_blank\"><\/p>\n<p>\t\t\t<img loading=\"lazy\" decoding=\"async\" src=\"https:\/\/www.europesays.com\/se\/wp-content\/uploads\/2025\/10\/rsz_vmlogo1.png\"  width=\"203\" height=\"30\" style=\"max-height:30px;height:auto;\" alt=\"Fotbolls-VM 2026 i USA, Kanada &amp; Mexiko Logotyp\" data-retina_logo_url=\"https:\/\/www.vm-fotboll.se\/wp-content\/uploads\/2018\/05\/Vmlogo1.png\" class=\"fusion-standard-logo\"\/><\/p>\n<p>\t\t\t\t\t<\/a><\/p>\n<ol class=\"awb-breadcrumb-list\">\n<li class=\"fusion-breadcrumb-item awb-breadcrumb-sep awb-home\"><a href=\"https:\/\/www.vm-fotboll.se\" class=\"fusion-breadcrumb-link\" rel=\"nofollow noopener\" target=\"_blank\">Hem<\/a><\/li>\n<li class=\"fusion-breadcrumb-item awb-breadcrumb-sep\"><a href=\"https:\/\/www.vm-fotboll.se\/category\/nations-league\/\" class=\"fusion-breadcrumb-link\" rel=\"nofollow noopener\" target=\"_blank\">Nations League<\/a><\/li>\n<li class=\"fusion-breadcrumb-item\" aria-current=\"page\">Sverige f\u00f6ll i Nations League \u2013 brons till Frankrike efter f\u00f6rl\u00e4ngning<\/li>\n<\/ol>\n<ul class=\"slides\">\n<li>\n\t\t\t\t\t\t\t\t\t\t\t\t\t\t\t<img width=\"1200\" height=\"600\" src=\"https:\/\/www.europesays.com\/se\/wp-content\/uploads\/2025\/10\/BB251024LT094-scaled-e1761573096466.jpg\" class=\"attachment-full size-full wp-post-image\" alt=\"Sverige trupp till Nations League damer\" decoding=\"async\" fetchpriority=\"high\"  \/>251024 Hanna Lundkvist, Nathalie Bj\u00f6rn, Amanda Ilestedt and Julia Zigiotti Olme of Sweden during the Women&#8217;s Nations League semifinal football match between Spain and Sweden on October 24, 2025 in Malaga.<br \/>\nPhoto: Ludvig Thunman \/ BILDBYR\u00c5N \/ \t\t\t\t\t\t\t\t\t\t\t\t\t<\/li>\n<\/ul>\n<p>\t\t\t\t\t\t\t\t\t\t\t\tSverige f\u00f6ll i Nations League \u2013 brons till Frankrike efter f\u00f6rl\u00e4ngning\t\t\t\t\t\t\t\t\t\t\t\t\t\t<\/p>\n<p><b>Det blev ingen medalj f\u00f6r Sverige i Nations League. Efter ett dubbelm\u00f6te fick Bl\u00e5gult se sig besegrat av Frankrike, d\u00e4r den avg\u00f6rande bronsmatchen p\u00e5 3 Arena i Stockholm slutade 2\u20132 efter f\u00f6rl\u00e4ngning, 4\u20133 till Frankrike totalt.<\/b><\/p>\n<p>F\u00f6ruts\u00e4ttningarna inf\u00f6r returen var tydliga. Frankrike hade 2\u20131 med sig fr\u00e5n Reims och Sverige beh\u00f6vde seger med uddam\u00e5let f\u00f6r att en f\u00f6rl\u00e4ngning \u00f6verhuvudtaget skulle bli aktuellt. Tony Gustavsson valde att r\u00f6ra om en del i startelvan. Fridolina Rolf\u00f6 klev in fr\u00e5n start p\u00e5 v\u00e4nsterkanten, Hanna Lundkvist flyttades in p\u00e5 mittf\u00e4ltet och Felicia Schr\u00f6der tog plats d\u00e5 Stina Blackstenius inte var redo f\u00f6r 90 minuter.<\/p>\n<p>Inledningen blev j\u00e4mn, men sm\u00e5 detaljer lutade \u00e5t franskt h\u00e5ll. Sverige hittade n\u00e5gra l\u00e4gen, bland annat n\u00e4r Johanna Rytting Kaneryd f\u00f6rs\u00f6kte utnyttja en misslyckad rensning fr\u00e5n m\u00e5lvakten med ett avslut fr\u00e5n distans. Frankrike svarade med ett skott i stolpen och tvingade Jennifer Falk till en sv\u00e5r utrusning.<\/p>\n<p>Sverige arbetade sig in i matchen via fasta situationer och l\u00e4ngre anfall, men saknade sk\u00e4rpan i sista momentet. En m\u00f6jlig straffsituation p\u00e5 Felicia Schr\u00f6der strax f\u00f6re pausvila vinkades bort och lagen gick in i halvtid med 0\u20130, men med franskt \u00f6vertag i dubbelm\u00f6tet.<\/p>\n<p>N\u00e4r klockan n\u00e4rmade sig timmen slog bronsm\u00f6tet om i fransk fav\u00f6r. P\u00e5 Sveriges v\u00e4nsterkant f\u00f6rlorades en duell mot Kadidiatou Diani, som drev f\u00f6rbi sin f\u00f6rsvarare, tog sig in i straffomr\u00e5det och serverade Clara Mateo framf\u00f6r m\u00e5l. Mateo rullade in 0\u20131 bakom Falk, 1\u20133 totalt, och uppf\u00f6rsbacken blev pl\u00f6tsligt brant. Sverige svarade med offensiva byten. Filippa Angeldahl och Monica Jusu Bah kastades in i jakten, senare \u00e4ven Rosa Kafaji och Evelyn Ijeh. Hemmalaget flyttade upp laget, tog mer risk och b\u00f6rjade trycka tillbaka Frankrike.<\/p>\n<p>Det som l\u00e4nge legat i luften kom via en av Sveriges st\u00f6rsta styrkor, fasta situationer. Med sex minuter kvar av ordinarie tid skickade Angeldahl in en v\u00e4lavv\u00e4gd frispark in i straffomr\u00e5det. D\u00e4r d\u00f6k Ijeh upp, helt ren, och nickade in 1\u20131. M\u00e5let f\u00f6ljdes av irritation och st\u00f6k runt den franska m\u00e5lvakten, som v\u00e4grade sl\u00e4ppa bollen och drog p\u00e5 sig ett gult kort. Intensiteten skruvades upp, b\u00e5de p\u00e5 planen och l\u00e4ktaren. I slutminuterna byttes Linda Sembrant in. Den 38-\u00e5rige mittbacken fick chansen att avsluta landslagskarri\u00e4ren p\u00e5 hemmaplan och m\u00f6ttes av st\u00e5ende ovationer n\u00e4r hon klev in.<\/p>\n<p>Det s\u00e5g l\u00e4nge ut som om Frankrike skulle spela av tiden, men d\u00e5 slog Sverige till igen. P\u00e5 till\u00e4ggstid kom Rytting Kaneryd loss p\u00e5 h\u00f6gerkanten och slog ett inl\u00e4gg som den franska m\u00e5lvakten felbed\u00f6mde totalt. Bollen seglade vidare mot bortre stolpen d\u00e4r Kafaji d\u00f6k upp och nickade in 2\u20131. Pl\u00f6tsligt stod det 3\u20133 totalt, och bronset skulle avg\u00f6ras i f\u00f6rl\u00e4ngning.<\/p>\n<p>F\u00f6rl\u00e4ngningen inleddes avvaktande. Sembrant hann med en viktig blockering i f\u00f6rsta f\u00f6rl\u00e4ngningshalvlek som h\u00f6ll liv i svenskarnas medaljdr\u00f6m. Men direkt efter sidbytet kom det avg\u00f6rande slaget. Kelly Gago tog en djupledsl\u00f6pning, fick en perfekt passning, kom ensam mot Falk och avslutade l\u00e5gt mellan benen p\u00e5 m\u00e5lvakten till 2\u20132. Det innebar fransk f\u00f6rdel igen.<\/p>\n<p>Sverige svarade med ytterligare ett offensivt drag n\u00e4r Blackstenius kastades in i jakten p\u00e5 en ny kvittering. Krafterna b\u00f6rjade dock tryta. Frankrike h\u00f6ll i bollen, spelade p\u00e5 resultatet och tog ner tempot n\u00e4r m\u00f6jligheten gavs. Sverige f\u00f6rs\u00f6kte lyfta l\u00e5ngt, fylla p\u00e5 med folk och tvinga fram misstag, men den d\u00e4r sista riktigt heta chansen kom aldrig. N\u00e4r slutsignalen lj\u00f6d stod fransyskorna som bronsmedalj\u00f6rer och Sverige fick n\u00f6ja sig med fj\u00e4rdeplatsen.<\/p>\n<p>Direkt efter slutsignalen fortsatte dramatiken. F\u00f6rbundskapten Tony Gustavsson gick mot domarteamet f\u00f6r att protestera mot hanteringen av till\u00e4ggstiden, och fick r\u00f6tt kort. Han betonade senare att reaktionen grundade sig i frustration \u00f6ver den korta till\u00e4ggstiden i relation till det omfattande franska maskandet under matchens slutskede.<\/p>\n<p>F\u00f6rlusten inneb\u00e4r att Sverige slutar fyra i Women\u2019s Nations League 2025, medan Frankrike kliver av turneringen med brons. Spanien vann senare finalen mot Tyskland och tog hem titeln.<\/p>\n<p>Sverige \u2013 Frankrike, 2-2 e.f\u00f6rl (0-0, 2-1)<\/p>\n<p>\u201958 0-1 Clara Mateo<br \/>\u201984 1-1 Evelyn Ijeh<br \/>\u201990+2 2-1 Rosa Kafaji<br \/>\u2019106 2-2 Kelly Gago<\/p>\n<p><img loading=\"lazy\" decoding=\"async\" alt=\"\" src=\"https:\/\/www.europesays.com\/se\/wp-content\/uploads\/2025\/12\/79142e83ba0d5ba7296aecd9454f703103a217751a199f5f036e9af480f458db\"  class=\"avatar avatar-100 photo\" height=\"100\" width=\"100\" itemprop=\"image\"\/>\t\t\t\t\t\t\t<\/p>\n<p>\t\t\t\t\tRelaterade inl\u00e4gg\n\t\t\t<\/p>\n<p class=\"akismet_comment_form_privacy_notice\">Denna webbplats anv\u00e4nder Akismet f\u00f6r att minska skr\u00e4ppost. <a href=\"https:\/\/akismet.com\/privacy\/\" target=\"_blank\" rel=\"nofollow noopener\">L\u00e4r dig om hur din kommentarsdata bearbetas<\/a>.<\/p>\n<p>SENASTE NYHETER<\/p>\n<p>\t\t\t\t\t\t\t<a class=\"fusion-one-page-text-link fusion-page-load-link\" tabindex=\"-1\" href=\"#\" aria-hidden=\"true\">Page load link<\/a><\/p>\n<p> :is(*, div){margin: 0;}body .is-layout-grid{display: grid;}.is-layout-grid > :is(*, div){margin: 0;}:where(.wp-block-columns.is-layout-flex){gap: 2em;}:where(.wp-block-columns.is-layout-grid){gap: 2em;}:where(.wp-block-post-template.is-layout-flex){gap: 1.25em;}:where(.wp-block-post-template.is-layout-grid){gap: 1.25em;}.has-black-color{color: var(&#8211;wp&#8211;preset&#8211;color&#8211;black) !important;}.has-cyan-bluish-gray-color{color: var(&#8211;wp&#8211;preset&#8211;color&#8211;cyan-bluish-gray) !important;}.has-white-color{color: var(&#8211;wp&#8211;preset&#8211;color&#8211;white) !important;}.has-pale-pink-color{color: var(&#8211;wp&#8211;preset&#8211;color&#8211;pale-pink) !important;}.has-vivid-red-color{color: var(&#8211;wp&#8211;preset&#8211;color&#8211;vivid-red) !important;}.has-luminous-vivid-orange-color{color: var(&#8211;wp&#8211;preset&#8211;color&#8211;luminous-vivid-orange) !important;}.has-luminous-vivid-amber-color{color: var(&#8211;wp&#8211;preset&#8211;color&#8211;luminous-vivid-amber) !important;}.has-light-green-cyan-color{color: var(&#8211;wp&#8211;preset&#8211;color&#8211;light-green-cyan) !important;}.has-vivid-green-cyan-color{color: var(&#8211;wp&#8211;preset&#8211;color&#8211;vivid-green-cyan) !important;}.has-pale-cyan-blue-color{color: var(&#8211;wp&#8211;preset&#8211;color&#8211;pale-cyan-blue) !important;}.has-vivid-cyan-blue-color{color: var(&#8211;wp&#8211;preset&#8211;color&#8211;vivid-cyan-blue) !important;}.has-vivid-purple-color{color: var(&#8211;wp&#8211;preset&#8211;color&#8211;vivid-purple) !important;}.has-black-background-color{background-color: var(&#8211;wp&#8211;preset&#8211;color&#8211;black) !important;}.has-cyan-bluish-gray-background-color{background-color: var(&#8211;wp&#8211;preset&#8211;color&#8211;cyan-bluish-gray) !important;}.has-white-background-color{background-color: var(&#8211;wp&#8211;preset&#8211;color&#8211;white) !important;}.has-pale-pink-background-color{background-color: var(&#8211;wp&#8211;preset&#8211;color&#8211;pale-pink) !important;}.has-vivid-red-background-color{background-color: var(&#8211;wp&#8211;preset&#8211;color&#8211;vivid-red) !important;}.has-luminous-vivid-orange-background-color{background-color: var(&#8211;wp&#8211;preset&#8211;color&#8211;luminous-vivid-orange) !important;}.has-luminous-vivid-amber-background-color{background-color: var(&#8211;wp&#8211;preset&#8211;color&#8211;luminous-vivid-amber) !important;}.has-light-green-cyan-background-color{background-color: var(&#8211;wp&#8211;preset&#8211;color&#8211;light-green-cyan) !important;}.has-vivid-green-cyan-background-color{background-color: var(&#8211;wp&#8211;preset&#8211;color&#8211;vivid-green-cyan) !important;}.has-pale-cyan-blue-background-color{background-color: var(&#8211;wp&#8211;preset&#8211;color&#8211;pale-cyan-blue) !important;}.has-vivid-cyan-blue-background-color{background-color: var(&#8211;wp&#8211;preset&#8211;color&#8211;vivid-cyan-blue) !important;}.has-vivid-purple-background-color{background-color: var(&#8211;wp&#8211;preset&#8211;color&#8211;vivid-purple) !important;}.has-black-border-color{border-color: var(&#8211;wp&#8211;preset&#8211;color&#8211;black) !important;}.has-cyan-bluish-gray-border-color{border-color: var(&#8211;wp&#8211;preset&#8211;color&#8211;cyan-bluish-gray) !important;}.has-white-border-color{border-color: var(&#8211;wp&#8211;preset&#8211;color&#8211;white) !important;}.has-pale-pink-border-color{border-color: var(&#8211;wp&#8211;preset&#8211;color&#8211;pale-pink) !important;}.has-vivid-red-border-color{border-color: var(&#8211;wp&#8211;preset&#8211;color&#8211;vivid-red) !important;}.has-luminous-vivid-orange-border-color{border-color: var(&#8211;wp&#8211;preset&#8211;color&#8211;luminous-vivid-orange) !important;}.has-luminous-vivid-amber-border-color{border-color: var(&#8211;wp&#8211;preset&#8211;color&#8211;luminous-vivid-amber) !important;}.has-light-green-cyan-border-color{border-color: var(&#8211;wp&#8211;preset&#8211;color&#8211;light-green-cyan) !important;}.has-vivid-green-cyan-border-color{border-color: var(&#8211;wp&#8211;preset&#8211;color&#8211;vivid-green-cyan) !important;}.has-pale-cyan-blue-border-color{border-color: var(&#8211;wp&#8211;preset&#8211;color&#8211;pale-cyan-blue) !important;}.has-vivid-cyan-blue-border-color{border-color: var(&#8211;wp&#8211;preset&#8211;color&#8211;vivid-cyan-blue) !important;}.has-vivid-purple-border-color{border-color: var(&#8211;wp&#8211;preset&#8211;color&#8211;vivid-purple) !important;}.has-vivid-cyan-blue-to-vivid-purple-gradient-background{background: var(&#8211;wp&#8211;preset&#8211;gradient&#8211;vivid-cyan-blue-to-vivid-purple) !important;}.has-light-green-cyan-to-vivid-green-cyan-gradient-background{background: var(&#8211;wp&#8211;preset&#8211;gradient&#8211;light-green-cyan-to-vivid-green-cyan) !important;}.has-luminous-vivid-amber-to-luminous-vivid-orange-gradient-background{background: var(&#8211;wp&#8211;preset&#8211;gradient&#8211;luminous-vivid-amber-to-luminous-vivid-orange) !important;}.has-luminous-vivid-orange-to-vivid-red-gradient-background{background: var(&#8211;wp&#8211;preset&#8211;gradient&#8211;luminous-vivid-orange-to-vivid-red) !important;}.has-very-light-gray-to-cyan-bluish-gray-gradient-background{background: var(&#8211;wp&#8211;preset&#8211;gradient&#8211;very-light-gray-to-cyan-bluish-gray) !important;}.has-cool-to-warm-spectrum-gradient-background{background: var(&#8211;wp&#8211;preset&#8211;gradient&#8211;cool-to-warm-spectrum) !important;}.has-blush-light-purple-gradient-background{background: var(&#8211;wp&#8211;preset&#8211;gradient&#8211;blush-light-purple) !important;}.has-blush-bordeaux-gradient-background{background: var(&#8211;wp&#8211;preset&#8211;gradient&#8211;blush-bordeaux) !important;}.has-luminous-dusk-gradient-background{background: var(&#8211;wp&#8211;preset&#8211;gradient&#8211;luminous-dusk) !important;}.has-pale-ocean-gradient-background{background: var(&#8211;wp&#8211;preset&#8211;gradient&#8211;pale-ocean) !important;}.has-electric-grass-gradient-background{background: var(&#8211;wp&#8211;preset&#8211;gradient&#8211;electric-grass) !important;}.has-midnight-gradient-background{background: var(&#8211;wp&#8211;preset&#8211;gradient&#8211;midnight) !important;}.has-small-font-size{font-size: var(&#8211;wp&#8211;preset&#8211;font-size&#8211;small) !important;}.has-medium-font-size{font-size: var(&#8211;wp&#8211;preset&#8211;font-size&#8211;medium) !important;}.has-large-font-size{font-size: var(&#8211;wp&#8211;preset&#8211;font-size&#8211;large) !important;}.has-x-large-font-size{font-size: var(&#8211;wp&#8211;preset&#8211;font-size&#8211;x-large) !important;}<br \/>\n:where(.wp-block-post-template.is-layout-flex){gap: 1.25em;}:where(.wp-block-post-template.is-layout-grid){gap: 1.25em;}<br \/>\n:where(.wp-block-columns.is-layout-flex){gap: 2em;}:where(.wp-block-columns.is-layout-grid){gap: 2em;}<br \/>\n:root :where(.wp-block-pullquote){font-size: 1.5em;line-height: 1.6;}<br \/>\n]]><\/p>\n<p>\t\t<a href=\"#\" id=\"toTop\" class=\"fusion-top-top-link\"><br \/>\n\t\t\tTill toppen<\/p>\n<p>\t\t\t\t\t<\/a><\/p>\n","protected":false},"excerpt":{"rendered":"Forts\u00e4tt till inneh\u00e5llet Hem Nations League Sverige f\u00f6ll i Nations League \u2013 brons till Frankrike efter f\u00f6rl\u00e4ngning 251024&hellip;\n","protected":false},"author":2,"featured_media":66072,"comment_status":"","ping_status":"","sticky":false,"template":"","format":"standard","meta":{"footnotes":""},"categories":[68],"tags":[34,111,110,31,33,32,30],"class_list":{"0":"post-96144","1":"post","2":"type-post","3":"status-publish","4":"format-standard","5":"has-post-thumbnail","7":"category-sport","8":"tag-se","9":"tag-sport","10":"tag-sports","11":"tag-svenska","12":"tag-sverige","13":"tag-sweden","14":"tag-swedish"},"share_on_mastodon":{"url":"https:\/\/pubeurope.com\/@se\/115655934417545414","error":""},"_links":{"self":[{"href":"https:\/\/www.europesays.com\/se\/wp-json\/wp\/v2\/posts\/96144","targetHints":{"allow":["GET"]}}],"collection":[{"href":"https:\/\/www.europesays.com\/se\/wp-json\/wp\/v2\/posts"}],"about":[{"href":"https:\/\/www.europesays.com\/se\/wp-json\/wp\/v2\/types\/post"}],"author":[{"embeddable":true,"href":"https:\/\/www.europesays.com\/se\/wp-json\/wp\/v2\/users\/2"}],"replies":[{"embeddable":true,"href":"https:\/\/www.europesays.com\/se\/wp-json\/wp\/v2\/comments?post=96144"}],"version-history":[{"count":0,"href":"https:\/\/www.europesays.com\/se\/wp-json\/wp\/v2\/posts\/96144\/revisions"}],"wp:featuredmedia":[{"embeddable":true,"href":"https:\/\/www.europesays.com\/se\/wp-json\/wp\/v2\/media\/66072"}],"wp:attachment":[{"href":"https:\/\/www.europesays.com\/se\/wp-json\/wp\/v2\/media?parent=96144"}],"wp:term":[{"taxonomy":"category","embeddable":true,"href":"https:\/\/www.europesays.com\/se\/wp-json\/wp\/v2\/categories?post=96144"},{"taxonomy":"post_tag","embeddable":true,"href":"https:\/\/www.europesays.com\/se\/wp-json\/wp\/v2\/tags?post=96144"}],"curies":[{"name":"wp","href":"https:\/\/api.w.org\/{rel}","templated":true}]}}