{"id":96163,"date":"2025-12-03T13:57:17","date_gmt":"2025-12-03T13:57:17","guid":{"rendered":"https:\/\/www.europesays.com\/se\/96163\/"},"modified":"2025-12-03T13:57:17","modified_gmt":"2025-12-03T13:57:17","slug":"brandbergen-och-jordbro-kvar-pa-listan","status":"publish","type":"post","link":"https:\/\/www.europesays.com\/se\/96163\/","title":{"rendered":"Brandbergen och Jordbro kvar p\u00e5 listan"},"content":{"rendered":"<p class=\"text\">Sedan den senaste uppdateringen f\u00f6r tv\u00e5 \u00e5r sedan har kommunen och lokalpolisen gjort flera insatser f\u00f6r att \u00f6ka tryggheten.<\/p>\n<p class=\"text\">Numera finns kommunala ordningsvakter, st\u00f6rre polisn\u00e4rvaro, ett \u00f6kat fokus p\u00e5 tidiga insatser hos socialtj\u00e4nsten och sedan i v\u00e5ras har Haninge inte l\u00e4ngre <a target=\"_blank\" rel=\"noopener nofollow\" href=\"https:\/\/www.mitti.se\/nyheter\/inga-oppna-drogscener-kvar-i-haninge-6.3.287522.aecf9104a3\">n\u00e5gra \u00f6ppna drogscener.<\/a><\/p>\n<p class=\"text\">Tony Beijbom, trygghets- och s\u00e4kerhetschef p\u00e5 kommunen, ser s\u00e4rskilt att det senare \u00e4r ett tecken p\u00e5 en positiv utveckling.<\/p>\n<p class=\"text\">\u2013 Haninge var h\u00e5rt drabbat av v\u00e5ldsv\u00e5gen och mycket har handlat om att bromsa den utvecklingen och stabilisera. Att vi inte ser en negativ utveckling visar p\u00e5 att insatserna har effekt. Nu arbetar vi p\u00e5 en l\u00e5ngsiktig positiv f\u00f6r\u00e4ndring, s\u00e4ger han.<\/p>\n<p class=\"text\">Enligt Krister Korpi, kanslichef hos Haningepolisen, ser \u00e4ven de positiva f\u00f6r\u00e4ndringar i b\u00e5da omr\u00e5dena, d\u00e4r n\u00e4ringsidkare och boende upplever en st\u00f6rre trygghet.<\/p>\n<p class=\"text\">\u2013 Samt att vi genom olika insatser f\u00e5tt en mindre n\u00e4rvaro i respektive omr\u00e5de av brottsaktiva akt\u00f6rer.\u00a0V\u00e5r bild \u00e4r att de kriminella akt\u00f6rerna i respektive omr\u00e5de f\u00e5tt en mindre p\u00e5verkansgrad i varje omr\u00e5de, s\u00e4ger han.<\/p>\n<p class=\"text\">Han ser dock att det kr\u00e4vs \u00e4nnu b\u00e4ttre samverkan i omr\u00e5dena fram\u00f6ver.<\/p>\n<p class=\"text\">\u2013 D\u00e4r vi alla tar ett gemensamt ansvar f\u00f6r att medborgarna i respektive omr\u00e5de ska k\u00e4nna ett st\u00f6rre f\u00f6rtroende till polisen och samh\u00e4llet. Uppdraget att v\u00e4rna om varje medborgares trygghet \u00e4r inget vi kan g\u00f6ra ensamma utan n\u00e5got vi m\u00e5ste g\u00f6ra tillsammans.<\/p>\n<p>Nytt omr\u00e5de<\/p>\n<p class=\"text\">Listan omfattar hela Sverige och har i \u00e5r 65 omr\u00e5den.<\/p>\n<p class=\"text\">Inget omr\u00e5de har plockats\u00ad bort fr\u00e5n polisens lista p\u00e5 utsatta omr\u00e5den 2025, men ett nytt har lagts till: Gran\u00e4ngsringen i Tyres\u00f6 kommun. <\/p>\n<p class=\"text\">I ett pressmeddelande skriver polisen att trots att ett nytt omr\u00e5de tillkommit s\u00e5 visar rapporten sammantaget en positiv utveckling f\u00f6r flera tidigare utsatta och s\u00e4rskilt utsatta omr\u00e5den i Stockholm.<\/p>\n<p class=\"text\">Man ser en minskning av antalet skjutningar medan spr\u00e4ngningar \u00e4r ett fortsatt problem.<\/p>\n<p class=\"text\">\u2013\u2009V\u00e5rt arbete med att \u00f6ka antalet poliser i yttre tj\u00e4nst kommer att forts\u00e4tta och \u00e4r av betydelse f\u00f6r tryggheten, s\u00e4ger Tobias Bergkvist, bitr\u00e4dande regionspolischef i region Stockholm.<\/p>\n<p class=\"faktarubrik\">Utsatta omr\u00e5den<\/p>\n<p class=\"fakta\">Hagalund, Solna.<\/p>\n<p class=\"fakta\">Hallonbergen, Sundbyberg.<\/p>\n<p class=\"fakta\">Rissne, Sundbyberg.<\/p>\n<p class=\"fakta\">Tureberg, Sollentuna.<\/p>\n<p class=\"fakta\">Sigtuna\/Valsta, Sigtuna.<\/p>\n<p class=\"fakta\">Storvreten, Botkyrka.<\/p>\n<p class=\"fakta\">Lina, S\u00f6dert\u00e4lje.<\/p>\n<p class=\"fakta\">Fornh\u00f6jden, S\u00f6dert\u00e4lje.<\/p>\n<p class=\"fakta\">Saltskog, S\u00f6dert\u00e4lje.<\/p>\n<p class=\"fakta\">Hjulsta, Stockholms stad.<\/p>\n<p class=\"fakta\">Bred\u00e4ng, Stockholms stad.<\/p>\n<p class=\"fakta\">Hags\u00e4tra\/R\u00e5gsved, Stockholms stad.<\/p>\n<p class=\"fakta\">V\u00e5rberg, Stockholms stad.<\/p>\n<p class=\"fakta\">H\u00e4sselby g\u00e5rd, Stockholms stad.<\/p>\n<p class=\"fakta\">Brandbergen, Haninge.<\/p>\n<p class=\"fakta\">Jordbro, Haninge.<\/p>\n<p class=\"fakta\">Finnsta, Upplands-Bro.<\/p>\n<p class=\"fakta\">S\u00e5ngv\u00e4gen, J\u00e4rf\u00e4lla.<\/p>\n<p class=\"fakta\">Fisks\u00e4tra, Nacka.<\/p>\n<p class=\"fakta\">Gran\u00e4ngsringen, Tyres\u00f6 (ny).<\/p>\n<p class=\"fakta\">Grantorp\/Vis\u00e4ttra, Huddinge.<\/p>\n<p class=\"fakta\">V\u00e5rby, Huddinge.<\/p>\n<p class=\"fakta\">Skog\u00e5s, Huddinge.<\/p>\n<p class=\"faktakalla\">K\u00e4lla: Polisen<\/p>\n<p class=\"faktarubrik\">S\u00e4rskilt utsatta omr\u00e5den<\/p>\n<p class=\"fakta\">Alby, Botkyrka.<\/p>\n<p class=\"fakta\">Fittja, Botkyrka.<\/p>\n<p class=\"fakta\">Hallunda\/Norsborg, Botkyrka.<\/p>\n<p class=\"fakta\">Ronna, S\u00f6dert\u00e4lje.<\/p>\n<p class=\"fakta\">Geneta, S\u00f6dert\u00e4lje.<\/p>\n<p class=\"fakta\">Hovsj\u00f6, S\u00f6dert\u00e4lje.<\/p>\n<p class=\"fakta\">Husby, Stockholms stad.<\/p>\n<p class=\"fakta\">Rinkeby, Stockholms stad.<\/p>\n<p class=\"fakta\">Tensta, Stockholms stad.<\/p>\n<p class=\"faktakalla\">K\u00e4lla: Polisen<\/p>\n<p class=\"faktarubrik\">Tv\u00e5 kategorier<\/p>\n<p class=\"fakta\">Utsatt omr\u00e5de: Karakt\u00e4riseras av l\u00e5g socioekonomisk status d\u00e4r de kriminella har en inverkan p\u00e5 lokalsamh\u00e4llet. Kan vara hot och utpressning, men \u00e4ven v\u00e5ld p\u00e5 gator och torg och \u00f6ppen narkotikahandel. L\u00e4get anses allvarligt.<\/p>\n<p class=\"fakta\">S\u00e4rskilt utsatt omr\u00e5de: H\u00e4r \u00e4r det \u201dsv\u00e5rt eller n\u00e4stintill om\u00f6jligt\u201d f\u00f6r polisen att fullf\u00f6lja sitt uppdrag. Systematiska hot och v\u00e5ldshandlingar mot vittnen och m\u00e5ls\u00e4gare i omr\u00e5det. \u00c4ven parallella samh\u00e4llsstrukturer, extremism och h\u00f6g koncentration av kriminella. L\u00e4get anses akut.<\/p>\n<p class=\"faktakalla\">K\u00e4lla: Polisen<\/p>\n","protected":false},"excerpt":{"rendered":"Sedan den senaste uppdateringen f\u00f6r tv\u00e5 \u00e5r sedan har kommunen och lokalpolisen gjort flera insatser f\u00f6r att \u00f6ka&hellip;\n","protected":false},"author":2,"featured_media":96164,"comment_status":"","ping_status":"","sticky":false,"template":"","format":"standard","meta":{"footnotes":""},"categories":[5],"tags":[22,23,26,27,17,21,24,25,28,29,15,16,18,34,31,33,32,30,19,20],"class_list":{"0":"post-96163","1":"post","2":"type-post","3":"status-publish","4":"format-standard","5":"has-post-thumbnail","7":"category-rubriker","8":"tag-breaking-news","9":"tag-breakingnews","10":"tag-featured-news","11":"tag-featurednews","12":"tag-headlines","13":"tag-huvudnyheter","14":"tag-latest-news","15":"tag-latestnews","16":"tag-main-news","17":"tag-mainnews","18":"tag-news","19":"tag-nyheter","20":"tag-rubriker","21":"tag-se","22":"tag-svenska","23":"tag-sverige","24":"tag-sweden","25":"tag-swedish","26":"tag-top-stories","27":"tag-topstories"},"share_on_mastodon":{"url":"https:\/\/pubeurope.com\/@se\/115655989264176906","error":""},"_links":{"self":[{"href":"https:\/\/www.europesays.com\/se\/wp-json\/wp\/v2\/posts\/96163","targetHints":{"allow":["GET"]}}],"collection":[{"href":"https:\/\/www.europesays.com\/se\/wp-json\/wp\/v2\/posts"}],"about":[{"href":"https:\/\/www.europesays.com\/se\/wp-json\/wp\/v2\/types\/post"}],"author":[{"embeddable":true,"href":"https:\/\/www.europesays.com\/se\/wp-json\/wp\/v2\/users\/2"}],"replies":[{"embeddable":true,"href":"https:\/\/www.europesays.com\/se\/wp-json\/wp\/v2\/comments?post=96163"}],"version-history":[{"count":0,"href":"https:\/\/www.europesays.com\/se\/wp-json\/wp\/v2\/posts\/96163\/revisions"}],"wp:featuredmedia":[{"embeddable":true,"href":"https:\/\/www.europesays.com\/se\/wp-json\/wp\/v2\/media\/96164"}],"wp:attachment":[{"href":"https:\/\/www.europesays.com\/se\/wp-json\/wp\/v2\/media?parent=96163"}],"wp:term":[{"taxonomy":"category","embeddable":true,"href":"https:\/\/www.europesays.com\/se\/wp-json\/wp\/v2\/categories?post=96163"},{"taxonomy":"post_tag","embeddable":true,"href":"https:\/\/www.europesays.com\/se\/wp-json\/wp\/v2\/tags?post=96163"}],"curies":[{"name":"wp","href":"https:\/\/api.w.org\/{rel}","templated":true}]}}