{"id":96246,"date":"2025-12-03T15:36:12","date_gmt":"2025-12-03T15:36:12","guid":{"rendered":"https:\/\/www.europesays.com\/se\/96246\/"},"modified":"2025-12-03T15:36:12","modified_gmt":"2025-12-03T15:36:12","slug":"det-har-vet-vi-eurovision-och-israel-braket-2","status":"publish","type":"post","link":"https:\/\/www.europesays.com\/se\/96246\/","title":{"rendered":"Det h\u00e4r vet vi: Eurovision och Israel-br\u00e5ket"},"content":{"rendered":"<p>Beslutet: Den 4\u20135 december tr\u00e4ffas tv-bolagen som bildar den europeiska radio- och tv-unionen EBU i Gen\u00e8ve. D\u00e5 kan det avg\u00f6ras om Israel f\u00e5r vara med i Eurovision Song Contest i Wien i maj.<\/p>\n<p>Bakgrund: Sedan Hamas terrorattack mot Israel den 7 oktober 2023 och krigsutbrottet i Gaza har Eurovision skakats av anti-israeliska protester, b\u00e5de 2024 i Malm\u00f6 och 2025 i Basel. Flera l\u00e4nder ogillar dessutom att t\u00e4vlingen som ska ena Europa har blivit s\u00e5 politiserad och f\u00f6rknippad med kriget i Gaza.<\/p>\n<p>Bojkotthot<\/p>\n<p>Mot Israel: Tv-bolagen fr\u00e5n Irland, Nederl\u00e4nderna, Slovenien och Spanien vill stoppa Israels medverkan och har mer eller mindre kommit med hot om bojkott. <\/p>\n<p>F\u00f6r Israel: Tyskland och v\u00e4rdlandet \u00d6sterrike har uttalat sitt st\u00f6d f\u00f6r Israels deltagande.<\/p>\n<p>Sverige, d\u00e5? SVT har inte velat svara p\u00e5 fr\u00e5gan om de vill att Israel \u00e4r med, men beklagar att Eurovision blivit s\u00e5 politiskt laddat. \u201dVi tar inte politisk st\u00e4llning\u201d, sade vd Anne Lagercrantz i september. \u00c4ven brittiska BBC, vars \u00e5sikt v\u00e4ger tungt, avvaktar. <\/p>\n<p>D\u00f6dade journalister: F\u00f6rutom sj\u00e4lva kriget i Gaza framh\u00e5ller flera internationella tv-bolag, d\u00e4ribland nederl\u00e4ndska Avrotros, att Israel stoppat medier som vill rapportera fr\u00e5n Gaza, samt att \u00e5tminstone 249 journalister d\u00f6dats under kriget, enligt organisationen Committee to Protect Journalists. Det uppr\u00f6r mediebolagen inom EBU.<\/p>\n<p>Aggressiv kampanj<\/p>\n<p>Manipulationen: Flera l\u00e4nders tv-bolag, d\u00e4ribland danska DR, kritiserar Israels aggressiva kampanj f\u00f6r att p\u00e5verka r\u00f6stresultatet inf\u00f6r Eurovision. Till och med premi\u00e4rminister Benjamin Netanyahu v\u00e4djade om r\u00f6ster i sociala medier, vilket inte s\u00e5gs med blida \u00f6gon. Israel fick i flera l\u00e4nder l\u00e5ga juryr\u00f6ster, men vann den totala tittaromr\u00f6stningen och slutade tv\u00e5a i \u00e5r.<\/p>\n<p>Kompromissf\u00f6rslaget: Inf\u00f6r m\u00f6tet i Gen\u00e8ve har EBU tagit fram str\u00e4ngare regler f\u00f6r kampanjande, f\u00e4rre tittarr\u00f6ster och ett nytt jurysystem som ska motverka tittarnas inflytande. EBU hoppas att det ska blidka Israelmotst\u00e5ndarna s\u00e5 att de inte bojkottar t\u00e4vlingen.<\/p>\n<p>Gillas av SVT: \u201dVi \u00e4r positiva till \u00e5tg\u00e4rderna f\u00f6r att st\u00e4rka t\u00e4vlingens f\u00f6rtroende och att h\u00e5lla den s\u00e5 opolitisk som m\u00f6jligt\u201d, s\u00e4ger SVT:s divisionschef Michael \u00d6sterlund till TT om f\u00f6rslaget. <\/p>\n<p>Vad s\u00e4ger Israel? \u201dDet finns ingen anledning till varf\u00f6r Israel inte ska forts\u00e4tta spela en meningsfull roll i detta stora kulturella evenemang som m\u00e5ste f\u00f6rbli en hyllning till musiken och inte bli politiserat\u201d, sade public service-bolaget KAN i ett uttalande i september. <\/p>\n","protected":false},"excerpt":{"rendered":"Beslutet: Den 4\u20135 december tr\u00e4ffas tv-bolagen som bildar den europeiska radio- och tv-unionen EBU i Gen\u00e8ve. D\u00e5 kan&hellip;\n","protected":false},"author":2,"featured_media":96247,"comment_status":"","ping_status":"","sticky":false,"template":"","format":"standard","meta":{"footnotes":""},"categories":[67],"tags":[104,34,31,33,32,30,105],"class_list":{"0":"post-96246","1":"post","2":"type-post","3":"status-publish","4":"format-standard","5":"has-post-thumbnail","7":"category-underhallning","8":"tag-entertainment","9":"tag-se","10":"tag-svenska","11":"tag-sverige","12":"tag-sweden","13":"tag-swedish","14":"tag-underhallning"},"share_on_mastodon":{"url":"https:\/\/pubeurope.com\/@se\/115656378451556376","error":""},"_links":{"self":[{"href":"https:\/\/www.europesays.com\/se\/wp-json\/wp\/v2\/posts\/96246","targetHints":{"allow":["GET"]}}],"collection":[{"href":"https:\/\/www.europesays.com\/se\/wp-json\/wp\/v2\/posts"}],"about":[{"href":"https:\/\/www.europesays.com\/se\/wp-json\/wp\/v2\/types\/post"}],"author":[{"embeddable":true,"href":"https:\/\/www.europesays.com\/se\/wp-json\/wp\/v2\/users\/2"}],"replies":[{"embeddable":true,"href":"https:\/\/www.europesays.com\/se\/wp-json\/wp\/v2\/comments?post=96246"}],"version-history":[{"count":0,"href":"https:\/\/www.europesays.com\/se\/wp-json\/wp\/v2\/posts\/96246\/revisions"}],"wp:featuredmedia":[{"embeddable":true,"href":"https:\/\/www.europesays.com\/se\/wp-json\/wp\/v2\/media\/96247"}],"wp:attachment":[{"href":"https:\/\/www.europesays.com\/se\/wp-json\/wp\/v2\/media?parent=96246"}],"wp:term":[{"taxonomy":"category","embeddable":true,"href":"https:\/\/www.europesays.com\/se\/wp-json\/wp\/v2\/categories?post=96246"},{"taxonomy":"post_tag","embeddable":true,"href":"https:\/\/www.europesays.com\/se\/wp-json\/wp\/v2\/tags?post=96246"}],"curies":[{"name":"wp","href":"https:\/\/api.w.org\/{rel}","templated":true}]}}