{"id":96269,"date":"2025-12-03T16:07:11","date_gmt":"2025-12-03T16:07:11","guid":{"rendered":"https:\/\/www.europesays.com\/se\/96269\/"},"modified":"2025-12-03T16:07:11","modified_gmt":"2025-12-03T16:07:11","slug":"inget-em-till-danmark-och-sverige-2029","status":"publish","type":"post","link":"https:\/\/www.europesays.com\/se\/96269\/","title":{"rendered":"Inget EM till Danmark och Sverige 2029"},"content":{"rendered":"<p>UEFA har precis offentliggjort vilken ans\u00f6kan som tilldelas EM 2029. I en tuff konkurrens gick inte Danmark och Sveriges ans\u00f6kan segrande ur kampen, utan UEFA meddelar att EM 2029 kommer avg\u00f6ras i Tyskland. <\/p>\n<p>Danmark och Sverige har arbetat med ans\u00f6kan under flera \u00e5rs tid. Med l\u00e4rdomar fr\u00e5n ans\u00f6kan 2025 d\u00e5 de nordiska l\u00e4nderna s\u00f6kte tillsammans utvecklade man den ytterligare f\u00f6r att \u00f6ka chanserna till ett m\u00e4sterskap 2029. Den 28 augusti skickades den gemensamma ans\u00f6kan in, men idag har nu UEFA meddelat att en annan ans\u00f6kan tilldelats m\u00e4sterskapet.<\/p>\n<p>Svensk fotboll gratulerar Tyskland, som UEFA idag meddelat f\u00e5r arrangera EM 2029.\u00a0<\/p>\n<p>\u2013 Vi hoppades p\u00e5 att det skulle bli v\u00e5r tur att arrangera EM denna g\u00e5ng. Vi har utvecklat v\u00e5r ans\u00f6kan och l\u00e4rt oss av den f\u00f6rra ans\u00f6kningsprocessen. Vi har haft ett v\u00e4ldigt starkt och konkurrenskraftigt bud, n\u00e5got som b\u00e5de UEFA och ExCo-ledam\u00f6terna har bekr\u00e4ftat, och det var ett j\u00e4mnt race. Det har dock varit en ruggig konkurrens med genomg\u00e5ende starka ans\u00f6kningar, n\u00e5got som s\u00e5klart \u00e4r positivt f\u00f6r fotbollens utveckling. Tyv\u00e4rr innebar det dock att vi inte gick hela v\u00e4gen denna g\u00e5ng. Vi gl\u00e4ds \u00e5t alla steg fram\u00e5t damfotbollen tar f\u00f6r varje m\u00e4sterskap och vi kommer forts\u00e4tta driva p\u00e5 hemifr\u00e5n, s\u00e4ger SvFF:s ordf\u00f6rande Simon \u00c5str\u00f6m.\u00a0<\/p>\n<p>Processen f\u00f6r ans\u00f6kan har p\u00e5g\u00e5tt \u00f6ver en l\u00e5ng tid och m\u00e5nga olika akt\u00f6rer har varit involverade.<\/p>\n<p>\u2013 Vi vill b\u00f6rja med att tacka DBU (danska fotbollf\u00f6rbundet) f\u00f6r ett gott samarbete under ans\u00f6kningsperioden. Trots att vi inte fick m\u00e4sterskapet denna g\u00e5ng s\u00e5 har vi byggt upp relationer f\u00f6r framtiden, s\u00e4ger \u00c5str\u00f6m och forts\u00e4tter:<\/p>\n<p>\u2013 En ans\u00f6kningsprocess om ett internationellt fotbollsm\u00e4sterskap \u00e4r en mycket omfattande och komplex process, d\u00e4r det kr\u00e4vs m\u00e5nga och goda medspelare. Det har vi haft \u00e4ven denna g\u00e5ng, och SvFF vill framf\u00f6ra ett mycket stort tack till v\u00e4rdst\u00e4derna Stockholm\/Solna, G\u00f6teborg, Malm\u00f6 och Region Sk\u00e5ne inkluderat arenorna. Vi vill ocks\u00e5 tacka Regeringen f\u00f6r uttalat st\u00f6d, ber\u00f6rda distrikt, f\u00f6reningar, myndigheter och \u00f6vriga organisationer.<\/p>\n","protected":false},"excerpt":{"rendered":"UEFA har precis offentliggjort vilken ans\u00f6kan som tilldelas EM 2029. I en tuff konkurrens gick inte Danmark och&hellip;\n","protected":false},"author":2,"featured_media":96270,"comment_status":"","ping_status":"","sticky":false,"template":"","format":"standard","meta":{"footnotes":""},"categories":[68],"tags":[34,111,110,31,33,32,30],"class_list":{"0":"post-96269","1":"post","2":"type-post","3":"status-publish","4":"format-standard","5":"has-post-thumbnail","7":"category-sport","8":"tag-se","9":"tag-sport","10":"tag-sports","11":"tag-svenska","12":"tag-sverige","13":"tag-sweden","14":"tag-swedish"},"share_on_mastodon":{"url":"https:\/\/pubeurope.com\/@se\/115656500470377506","error":""},"_links":{"self":[{"href":"https:\/\/www.europesays.com\/se\/wp-json\/wp\/v2\/posts\/96269","targetHints":{"allow":["GET"]}}],"collection":[{"href":"https:\/\/www.europesays.com\/se\/wp-json\/wp\/v2\/posts"}],"about":[{"href":"https:\/\/www.europesays.com\/se\/wp-json\/wp\/v2\/types\/post"}],"author":[{"embeddable":true,"href":"https:\/\/www.europesays.com\/se\/wp-json\/wp\/v2\/users\/2"}],"replies":[{"embeddable":true,"href":"https:\/\/www.europesays.com\/se\/wp-json\/wp\/v2\/comments?post=96269"}],"version-history":[{"count":0,"href":"https:\/\/www.europesays.com\/se\/wp-json\/wp\/v2\/posts\/96269\/revisions"}],"wp:featuredmedia":[{"embeddable":true,"href":"https:\/\/www.europesays.com\/se\/wp-json\/wp\/v2\/media\/96270"}],"wp:attachment":[{"href":"https:\/\/www.europesays.com\/se\/wp-json\/wp\/v2\/media?parent=96269"}],"wp:term":[{"taxonomy":"category","embeddable":true,"href":"https:\/\/www.europesays.com\/se\/wp-json\/wp\/v2\/categories?post=96269"},{"taxonomy":"post_tag","embeddable":true,"href":"https:\/\/www.europesays.com\/se\/wp-json\/wp\/v2\/tags?post=96269"}],"curies":[{"name":"wp","href":"https:\/\/api.w.org\/{rel}","templated":true}]}}