{"id":96297,"date":"2025-12-03T16:46:14","date_gmt":"2025-12-03T16:46:14","guid":{"rendered":"https:\/\/www.europesays.com\/se\/96297\/"},"modified":"2025-12-03T16:46:14","modified_gmt":"2025-12-03T16:46:14","slug":"de-ar-tvingade-till-skane-ska-radda-sveriges-el-i-krig-hd","status":"publish","type":"post","link":"https:\/\/www.europesays.com\/se\/96297\/","title":{"rendered":"De \u00e4r tvingade till Sk\u00e5ne \u2013 ska r\u00e4dda Sveriges el i krig \u2013 HD"},"content":{"rendered":"<p>Du ska inst\u00e4lla dig i Sk\u00e5ne i h\u00f6st och l\u00e4ra dig reparera eln\u00e4tet om det blir krig. <\/p>\n<p>Det beskedet fick elektriker p\u00e5 Gotland och i V\u00e4stra G\u00f6taland i v\u00e5ras. M\u00e5nga protesterade allt vad de kunde, men nu \u00f6var de f\u00f6r fullt i en gammal tennishall i Sj\u00f6bo. <\/p>\n<p>Snart \u00e4r det sk\u00e5ningarnas tur \u2013 och fler yrken st\u00e5r p\u00e5 tur. <\/p>\n<p>Den som v\u00e4grar kan kastas i f\u00e4ngelse. <\/p>\n<p><img loading=\"lazy\" decoding=\"async\" width=\"980\" height=\"551\" class=\"article-image article-image--featured\" alt=\"Jesper Carlsson fr\u00e5n G\u00f6teborg eldar p\u00e5 en krympslang efter en skarvning av en h\u00f6gsp\u00e4nningsledning. Han och de andra f\u00e5r efter civilpliktsutbildningen befattningen kabelmont\u00f6rer. \" src=\"https:\/\/www.europesays.com\/se\/wp-content\/uploads\/2025\/12\/1ed1bc70-b727-473b-8c1c-75e80c048e16.jpg\"  \/><a class=\"article__lightbox-link\" href=\"https:\/\/static.bonniernews.se\/ba\/1ed1bc70-b727-473b-8c1c-75e80c048e16.jpg?crop=7008%2C3942%2Cx0%2Cy0&amp;width=1400&amp;format=pjpg&amp;auto=avif\" data-pswp-width=\"1400\" data-pswp-height=\"788\" data-pswp-caption=\"Jesper Carlsson fr\u00e5n G\u00f6teborg eldar p\u00e5 en krympslang efter en skarvning av en h\u00f6gsp\u00e4nningsledning. Han och de andra f\u00e5r efter civilpliktsutbildningen befattningen kabelmont\u00f6rer.  Bild: Malin Palm\" data-pswp- rel=\"nofollow noopener\" target=\"_blank\">\u00d6ppna bild i helsk\u00e4rmsl\u00e4ge<\/a><\/p>\n<p class=\"txt-style-muted\" aria-hidden=\"true\">Jesper Carlsson fr\u00e5n G\u00f6teborg eldar p\u00e5 en krympslang efter en skarvning av en h\u00f6gsp\u00e4nningsledning. Han och de andra f\u00e5r efter civilpliktsutbildningen befattningen kabelmont\u00f6rer. <\/p>\n<p class=\"article__figcaption-attribution txt-style-muted\">Bild: Malin Palm<\/p>\n<p>\u2013 Ingen av dem som \u00e4r h\u00e4r har \u00f6nskat detta, f\u00f6rklarar Simon Sell\u00e9n n\u00e4r vi kliver in i den cylinderformade pl\u00e5tbyggnad i Sj\u00f6bos industriomr\u00e5de som han k\u00f6pte f\u00f6r n\u00e5gra \u00e5r sedan. <\/p>\n<p>Tekniskt fel<\/p>\n<p class=\"message__text txt-ui txt-ui-2\">V\u00e4nligen f\u00f6rs\u00f6k igen senare.<\/p>\n<p>Den h\u00e4r artikeln \u00e4r bara f\u00f6r prenumeranter<\/p>\n<p class=\"txt-body txt-body-1\">Om du redan \u00e4r prenumerant: logga in!<\/p>\n","protected":false},"excerpt":{"rendered":"Du ska inst\u00e4lla dig i Sk\u00e5ne i h\u00f6st och l\u00e4ra dig reparera eln\u00e4tet om det blir krig. Det&hellip;\n","protected":false},"author":2,"featured_media":96298,"comment_status":"","ping_status":"","sticky":false,"template":"","format":"standard","meta":{"footnotes":""},"categories":[12],"tags":[22,23,26,27,17,21,24,25,28,29,15,16,18,34,31,33,32,30,19,20],"class_list":{"0":"post-96297","1":"post","2":"type-post","3":"status-publish","4":"format-standard","5":"has-post-thumbnail","7":"category-sverige","8":"tag-breaking-news","9":"tag-breakingnews","10":"tag-featured-news","11":"tag-featurednews","12":"tag-headlines","13":"tag-huvudnyheter","14":"tag-latest-news","15":"tag-latestnews","16":"tag-main-news","17":"tag-mainnews","18":"tag-news","19":"tag-nyheter","20":"tag-rubriker","21":"tag-se","22":"tag-svenska","23":"tag-sverige","24":"tag-sweden","25":"tag-swedish","26":"tag-top-stories","27":"tag-topstories"},"share_on_mastodon":{"url":"https:\/\/pubeurope.com\/@se\/115656653980969548","error":""},"_links":{"self":[{"href":"https:\/\/www.europesays.com\/se\/wp-json\/wp\/v2\/posts\/96297","targetHints":{"allow":["GET"]}}],"collection":[{"href":"https:\/\/www.europesays.com\/se\/wp-json\/wp\/v2\/posts"}],"about":[{"href":"https:\/\/www.europesays.com\/se\/wp-json\/wp\/v2\/types\/post"}],"author":[{"embeddable":true,"href":"https:\/\/www.europesays.com\/se\/wp-json\/wp\/v2\/users\/2"}],"replies":[{"embeddable":true,"href":"https:\/\/www.europesays.com\/se\/wp-json\/wp\/v2\/comments?post=96297"}],"version-history":[{"count":0,"href":"https:\/\/www.europesays.com\/se\/wp-json\/wp\/v2\/posts\/96297\/revisions"}],"wp:featuredmedia":[{"embeddable":true,"href":"https:\/\/www.europesays.com\/se\/wp-json\/wp\/v2\/media\/96298"}],"wp:attachment":[{"href":"https:\/\/www.europesays.com\/se\/wp-json\/wp\/v2\/media?parent=96297"}],"wp:term":[{"taxonomy":"category","embeddable":true,"href":"https:\/\/www.europesays.com\/se\/wp-json\/wp\/v2\/categories?post=96297"},{"taxonomy":"post_tag","embeddable":true,"href":"https:\/\/www.europesays.com\/se\/wp-json\/wp\/v2\/tags?post=96297"}],"curies":[{"name":"wp","href":"https:\/\/api.w.org\/{rel}","templated":true}]}}