{"id":96299,"date":"2025-12-03T16:47:19","date_gmt":"2025-12-03T16:47:19","guid":{"rendered":"https:\/\/www.europesays.com\/se\/96299\/"},"modified":"2025-12-03T16:47:19","modified_gmt":"2025-12-03T16:47:19","slug":"hv-forandrar-rollerna-i-baset","status":"publish","type":"post","link":"https:\/\/www.europesays.com\/se\/96299\/","title":{"rendered":"HV f\u00f6r\u00e4ndrar rollerna i b\u00e5set"},"content":{"rendered":"<p>Ansvarsf\u00f6rdelningen mellan Anton Blomqvist, Nicklas Rahm och Kris Beech g\u00f6rs om.<\/p>\n<p>Huvudtr\u00e4naren Blomqvist kommer nu att ta \u00f6ver ansvaret f\u00f6r backar och special teams, rapporterar <a href=\"https:\/\/www.aftonbladet.se\/sportbladet\/hockey\/a\/k0W74v\/hv71-s-krisdrag-forandrar-i-rollerna-bland-coacherna-i-baset?utm_source=iosapp&amp;utm_medium=share\" rel=\"nofollow noopener\" target=\"_blank\">Sportbladet<\/a>.<\/p>\n<p class=\"\">F\u00f6r\u00e4ndringen inneb\u00e4r att de assisterande tr\u00e4narna Nicklas Rahm och Kris Beech tar \u00f6ver ansvaret f\u00f6r forwards.<\/p>\n<p class=\"\">Huvudtr\u00e4naren Anton Blomqvist bekr\u00e4ftar det hela f\u00f6r Sportbladet.<\/p>\n<p class=\"\">\u2013 Det st\u00e4mmer till viss del. Jag ska ta ett st\u00f6rre grepp om backspelet. Tidigare har vi haft som de flesta lag har n\u00e4r man jobbar som tre coacher. Kris Beech har haft forwards, Nicklas Rahm har haft backarna och jag har haft helhetsbilden. Nicklas Rahm har haft boxplay, Kris Beech powerplay och jag grundstrukturen. Skillnaden f\u00f6r mig blir att vara mer hands on i ett omr\u00e5de som jag k\u00e4nner mig trygg i, s\u00e4ger Blomqvist.<\/p>\n<p class=\"\">Han ber\u00e4ttar \u00e4ven att det \u00e4r ett initiativ som kommer fr\u00e5n coacherna sj\u00e4lva.<\/p>\n<p class=\"\">\u2013 Ja, absolut. Vi har utv\u00e4rderat och hoppas att det h\u00e4r kan hj\u00e4lpa oss fram\u00e5t. Som helt ny stab tillsammans inf\u00f6r den h\u00e4r s\u00e4songen f\u00f6rs\u00f6ker man utv\u00e4rdera vad som fungerar och vad personer drivs av att driva. N\u00e4r man ligger d\u00e4r vi ligger kan man inte t\u00e4nka l\u00e4ngre \u00e4n i dag. Vi beh\u00f6ver maximera det dagliga och hj\u00e4lpa v\u00e5rt lag \u00e4nnu mer f\u00f6r att kunna plocka po\u00e4ng.<\/p>\n<p class=\"\">Efter 24 omg\u00e5ngar ligger HV71 p\u00e5 en 13 plats med 22 inspelade po\u00e4ng.<\/p>\n<p><a class=\"block my-8\" href=\"https:\/\/hockeynews.se\/hockeynewsguiden\/hv71\" rel=\"nofollow noopener\" target=\"_blank\"><img alt=\"\" loading=\"lazy\" width=\"1080\" height=\"200\" decoding=\"async\" data-nimg=\"1\" style=\"color:transparent\" src=\"https:\/\/www.europesays.com\/se\/wp-content\/uploads\/2025\/09\/LHGfM3DZmIEvXDP8gLBR4P4owMlWMOZWdYXmL9cf.png\"\/><\/a>Kommentarer TopprankadeSenaste\u00c4ldstaTrendar<\/p>\n<p>Skaffa PLUS f\u00f6r att kommentera<\/p>\n<p>Med en aktiv PLUS-prenumeration kan du kommentera, svara p\u00e5 andra och gilla kommentarer.<\/p>\n<p><a class=\"btn-primary btn-small\" href=\"https:\/\/hockeynews.se\/plus\" rel=\"nofollow noopener\" target=\"_blank\">Skaffa PLUS<\/a><\/p>\n<p>Anv\u00e4nd koden HV50 \u2013 f\u00e5 \u00e5rskortet f\u00f6r halva priset 349kr (ord pris 699kr). Fyll i HV50 i sista steget. <a class=\"text-yellow underline font-bold\" href=\"https:\/\/hockeynews.se\/plus\" rel=\"nofollow noopener\" target=\"_blank\">Skaffa PLUS<\/a><\/p>\n<p>Halva priset p\u00e5 TV4 Play Sport Hockey \u2013 <a class=\"text-yellow underline\" href=\"https:\/\/www.tv4play.se\/kampanj\/hockeynewshockey\" rel=\"nofollow noopener\" target=\"_blank\">f\u00e5 kod med Hockeynews h\u00e4r!<\/a> (Annons)<\/p>\n<p><a class=\"text-yellow underline font-bold\" href=\"https:\/\/hockeynews.se\/app\" rel=\"nofollow noopener\" target=\"_blank\">H\u00e4mta Hockeynews app f\u00f6r iOS och Android<\/a> &#8211; gratis: nyheter, sp\u00e4nnande silly, unik inside, exklusiva intervjuer och matchrapporter fr\u00e5n alla ligor<\/p>\n","protected":false},"excerpt":{"rendered":"Ansvarsf\u00f6rdelningen mellan Anton Blomqvist, Nicklas Rahm och Kris Beech g\u00f6rs om. Huvudtr\u00e4naren Blomqvist kommer nu att ta \u00f6ver&hellip;\n","protected":false},"author":2,"featured_media":96300,"comment_status":"","ping_status":"","sticky":false,"template":"","format":"standard","meta":{"footnotes":""},"categories":[5],"tags":[22,23,26,27,17,21,24,25,28,29,15,16,18,34,31,33,32,30,19,20],"class_list":{"0":"post-96299","1":"post","2":"type-post","3":"status-publish","4":"format-standard","5":"has-post-thumbnail","7":"category-rubriker","8":"tag-breaking-news","9":"tag-breakingnews","10":"tag-featured-news","11":"tag-featurednews","12":"tag-headlines","13":"tag-huvudnyheter","14":"tag-latest-news","15":"tag-latestnews","16":"tag-main-news","17":"tag-mainnews","18":"tag-news","19":"tag-nyheter","20":"tag-rubriker","21":"tag-se","22":"tag-svenska","23":"tag-sverige","24":"tag-sweden","25":"tag-swedish","26":"tag-top-stories","27":"tag-topstories"},"share_on_mastodon":{"url":"https:\/\/pubeurope.com\/@se\/115656657884065931","error":""},"_links":{"self":[{"href":"https:\/\/www.europesays.com\/se\/wp-json\/wp\/v2\/posts\/96299","targetHints":{"allow":["GET"]}}],"collection":[{"href":"https:\/\/www.europesays.com\/se\/wp-json\/wp\/v2\/posts"}],"about":[{"href":"https:\/\/www.europesays.com\/se\/wp-json\/wp\/v2\/types\/post"}],"author":[{"embeddable":true,"href":"https:\/\/www.europesays.com\/se\/wp-json\/wp\/v2\/users\/2"}],"replies":[{"embeddable":true,"href":"https:\/\/www.europesays.com\/se\/wp-json\/wp\/v2\/comments?post=96299"}],"version-history":[{"count":0,"href":"https:\/\/www.europesays.com\/se\/wp-json\/wp\/v2\/posts\/96299\/revisions"}],"wp:featuredmedia":[{"embeddable":true,"href":"https:\/\/www.europesays.com\/se\/wp-json\/wp\/v2\/media\/96300"}],"wp:attachment":[{"href":"https:\/\/www.europesays.com\/se\/wp-json\/wp\/v2\/media?parent=96299"}],"wp:term":[{"taxonomy":"category","embeddable":true,"href":"https:\/\/www.europesays.com\/se\/wp-json\/wp\/v2\/categories?post=96299"},{"taxonomy":"post_tag","embeddable":true,"href":"https:\/\/www.europesays.com\/se\/wp-json\/wp\/v2\/tags?post=96299"}],"curies":[{"name":"wp","href":"https:\/\/api.w.org\/{rel}","templated":true}]}}