{"id":96303,"date":"2025-12-03T16:51:14","date_gmt":"2025-12-03T16:51:14","guid":{"rendered":"https:\/\/www.europesays.com\/se\/96303\/"},"modified":"2025-12-03T16:51:14","modified_gmt":"2025-12-03T16:51:14","slug":"en-till-sjukhus-efter-krock-pa-e22-expressen","status":"publish","type":"post","link":"https:\/\/www.europesays.com\/se\/96303\/","title":{"rendered":"En till sjukhus efter krock p\u00e5 E22 &#8211; Expressen"},"content":{"rendered":"<ol>\n<li><a href=\"https:\/\/news.google.com\/rss\/articles\/CBMilwFBVV95cUxOOWxfX2J3c2E2Z2dQbkRBUXAwaW8wb2d3MDFvWjh6ejJHUWYtbjhqOURWa3RPaDhPVjAtUDhjZ3IxY1lJN2w0M0VrbHFJSW82aHpjR1RsODhxOXdERGdoWklWaXVLMkF4RHBhbEdiSXJPR25Ra2F3U1gyNEJyMmJ5dUZFWHNxQk5yc3FndDFBbldvRkZTaUgw?oc=5\" target=\"_blank\" rel=\"nofollow noopener\">En till sjukhus efter krock p\u00e5 E22<\/a>&nbsp;&nbsp;Expressen<\/li>\n<li><a href=\"https:\/\/news.google.com\/rss\/articles\/CBMipAFBVV95cUxOSW1FTVNBcGhtRmFrTmRnQ0RpTnpMTDFlTzNYbGxwUXNEVkdkWHZTSGZNRzZKSzhUc2xWS3MxZ0RGb2NvVDBua3g4ZTctYUtLUWE3VmlOMkVDQWYyTHRxMnhiSnV1UEZscEZBNEN0cG5ZZUNEdGx2YnVXWXRYV1dTSWs5QS1sNTF6aHV0MEZWTUR5SlhLSnVlelV4YTZDOWRJMzU3Zw?oc=5\" target=\"_blank\" rel=\"nofollow noopener\">F\u00f6rsta generationens Iphone SE \u00e4r nu officiellt f\u00f6r\u00e5ldrad<\/a>&nbsp;&nbsp;Macworld.se<\/li>\n<li><a href=\"https:\/\/news.google.com\/rss\/articles\/CBMimgFBVV95cUxPR2hCd2JHSnltRFVjWjI5QWxqY0ZPVl9nS2hORVRVTXl1V05nR1BhdzhDZk9aSnM5UDM5ZFUtQ2t3ZmFRNkNpblI5UEdSaFFfRXhaSGdSUmRaaFFlWlZNc1JQdmx1bG5mSDJqNXlheFFtVjlPaF8yZWxKR251M0tWblhXY0dzaTFCMFdSZlV3eGVaY3NJX3FzLWZn?oc=5\" target=\"_blank\" rel=\"nofollow noopener\">Nu har Apple uppdaterat sin lista \u00f6ver produkter som har g\u00e5tt ur tiden<\/a>&nbsp;&nbsp;Teknikveckan<\/li>\n<li><a href=\"https:\/\/news.google.com\/rss\/articles\/CBMipAFBVV95cUxQTl9Mckc5cXZDLW9XTzJ4T0gzb0o3Wk5Jbk53Y0dOSjdyM0pXN2Y5SHlwc0VKbE5oMEdER3p0SVozMkwtYTdFQndDR19FaXY1ckZpYnNzN1hYVVp2YjNmaUtjanNvZlhtVjRoeE9HQk85YXVpaGcxWHhENk9nNVotTENRQ09yQklEeVV1MjFqRXpTbjdLcnd2ODZHcnNNUHl2MUkyZw?oc=5\" target=\"_blank\" rel=\"nofollow noopener\">Legenden \u00e4r slut! Apple redan din favorit iPhone SE kommer inte att fixa<\/a>&nbsp;&nbsp;Letem sv\u011btem Applem<\/li>\n<li><a href=\"https:\/\/news.google.com\/rss\/articles\/CBMijwFBVV95cUxQOVFuQ3NOMXNoRjZDcTRoYTRFZEtudUxTbjRESFloa0lSMTNabU55Z282UFVJS2l0aGtSVzRhNTc4eTktMUpHUUM3WnBaWjhnVzJZY1J1QVd0WlRxYUlRbzRRTWpNNndScmkzaDRBVEV0dkp1TVEzZEZPZml0UzlYckZRcWFUdXp0MWhDcXo1bw?oc=5\" target=\"_blank\" rel=\"nofollow noopener\">F\u00f6rsta generationens iPhone SE klassas nu som f\u00f6r\u00e5ldrad. Slut p\u00e5 service fr\u00e5n Apple.<\/a>&nbsp;&nbsp;feber.se<\/li>\n<\/ol>\n","protected":false},"excerpt":{"rendered":"En till sjukhus efter krock p\u00e5 E22&nbsp;&nbsp;Expressen F\u00f6rsta generationens Iphone SE \u00e4r nu officiellt f\u00f6r\u00e5ldrad&nbsp;&nbsp;Macworld.se Nu har Apple&hellip;\n","protected":false},"author":2,"featured_media":39,"comment_status":"","ping_status":"","sticky":false,"template":"","format":"standard","meta":{"footnotes":""},"categories":[66],"tags":[35,80,78,79,34,31,33,32,30,81,84,83,82],"class_list":{"0":"post-96303","1":"post","2":"type-post","3":"status-publish","4":"format-standard","5":"has-post-thumbnail","7":"category-vetenskap-och-teknik","8":"tag-function-ta-bort-ai-rost","9":"tag-science","10":"tag-science-and-technology","11":"tag-scienceandtechnology","12":"tag-se","13":"tag-svenska","14":"tag-sverige","15":"tag-sweden","16":"tag-swedish","17":"tag-technology","18":"tag-teknik","19":"tag-vetenskap","20":"tag-vetenskapteknik"},"share_on_mastodon":{"url":"https:\/\/pubeurope.com\/@se\/115656673399922316","error":""},"_links":{"self":[{"href":"https:\/\/www.europesays.com\/se\/wp-json\/wp\/v2\/posts\/96303","targetHints":{"allow":["GET"]}}],"collection":[{"href":"https:\/\/www.europesays.com\/se\/wp-json\/wp\/v2\/posts"}],"about":[{"href":"https:\/\/www.europesays.com\/se\/wp-json\/wp\/v2\/types\/post"}],"author":[{"embeddable":true,"href":"https:\/\/www.europesays.com\/se\/wp-json\/wp\/v2\/users\/2"}],"replies":[{"embeddable":true,"href":"https:\/\/www.europesays.com\/se\/wp-json\/wp\/v2\/comments?post=96303"}],"version-history":[{"count":0,"href":"https:\/\/www.europesays.com\/se\/wp-json\/wp\/v2\/posts\/96303\/revisions"}],"wp:featuredmedia":[{"embeddable":true,"href":"https:\/\/www.europesays.com\/se\/wp-json\/wp\/v2\/media\/39"}],"wp:attachment":[{"href":"https:\/\/www.europesays.com\/se\/wp-json\/wp\/v2\/media?parent=96303"}],"wp:term":[{"taxonomy":"category","embeddable":true,"href":"https:\/\/www.europesays.com\/se\/wp-json\/wp\/v2\/categories?post=96303"},{"taxonomy":"post_tag","embeddable":true,"href":"https:\/\/www.europesays.com\/se\/wp-json\/wp\/v2\/tags?post=96303"}],"curies":[{"name":"wp","href":"https:\/\/api.w.org\/{rel}","templated":true}]}}