{"id":96311,"date":"2025-12-03T16:58:11","date_gmt":"2025-12-03T16:58:11","guid":{"rendered":"https:\/\/www.europesays.com\/se\/96311\/"},"modified":"2025-12-03T16:58:11","modified_gmt":"2025-12-03T16:58:11","slug":"poesi-ikon-feelgoodsucce-och-revystjarna-hyllas-nar-linkoping-delar-ut-arets-kulturstipendier-och-priser","status":"publish","type":"post","link":"https:\/\/www.europesays.com\/se\/96311\/","title":{"rendered":"Poesi-ikon, feelgoodsucc\u00e9 och revystj\u00e4rna hyllas n\u00e4r Link\u00f6ping delar ut \u00e5rets kulturstipendier och priser"},"content":{"rendered":"<p>Idag den 3 december riktades str\u00e5lkastarljuset mot Link\u00f6pings huvudbibliotek. D\u00e5 samlades kulturlivet f\u00f6r att prisa fem personer som p\u00e5 olika s\u00e4tt format stadens sj\u00e4l. \u00c5rets utm\u00e4rkelser sp\u00e4nner \u00f6ver decennier av skapande, fr\u00e5n Bruno K. \u00d6ijers legendariska scenn\u00e4rvaro till Disa B\u00e4cks arbete med att locka en ny generation till teatern.<\/p>\n<p>Maria Modig, avdelningschef kultur, och kultur- och fritidsn\u00e4mndens ordf\u00f6rande Lotta B\u00e4ckman (S), \u00f6ppnade evenemanget, som f\u00f6ljdes av prisutdelningen.<\/p>\n<p>Honn\u00f6rsstipendier<\/p>\n<p>De prestigefyllda honn\u00f6rsstipendierna tilldelas i \u00e5r Stefan Apelqvist och Bruno K. \u00d6ijer f\u00f6r deras l\u00e5ngvariga och betydande insatser.<\/p>\n<p>Stefan Apelqvist uppm\u00e4rksammas f\u00f6r att han outtr\u00f6ttligt bjudit in publiken till medryckande musikupplevelser i decennier. Bruno K. \u00d6ijer prisas f\u00f6r sin suggestiva poesi och orubbliga integritet som lyfter in hemstaden Link\u00f6ping i den nationella litteraturen.<\/p>\n<p>Honn\u00f6rsstipendiet \u00e4r kommunens uppskattning till personer som utf\u00f6rt en m\u00e5ng\u00e5rig kulturverksamhet i Link\u00f6ping och best\u00e5r av \u00e4ran, ett diplom samt en glasplakett.<\/p>\n<p>Kulturstipendier<\/p>\n<p>\u00c5rets kulturstipendier, v\u00e4rda 45 000 kronor vardera, g\u00e5r till \u00c5sa Liab\u00e4ck och Disa B\u00e4ck.<\/p>\n<p>Stipendierna delas ut till personer som gjort f\u00f6rtj\u00e4nstfulla insatser inom bland annat litteratur och teater. \u00c5sa Liab\u00e4ck bel\u00f6nas f\u00f6r sina skildringar inom feelgood-genren d\u00e4r hon med psykoterapeuts insikt skildrar livet bakom fasaderna vid St\u00e5ng\u00e5n. Disa B\u00e4ck tilldelas stipendiet f\u00f6r sitt arbete med att vitalisera Link\u00f6pings revy- och musikaltradition och f\u00f6r att ha engagerat en ny generation i konstformen.<\/p>\n<p>Lyra-priset<\/p>\n<p>Sist men inte minst tillk\u00e4nnagavs \u00e5rets Sven Lyra-pristagare: Lars Jonsson.<\/p>\n<p>Priset \u00e4r uppkallat efter profilen Sven Lyra och inkluderar ett konstverk i form av en purjol\u00f6k. Lars Jonsson prisas som en t\u00e4nkare och allkonstn\u00e4r som envetet verkat f\u00f6r kulturens r\u00f6st och dess demokratiska betydelse.<\/p>\n<p>Kontakt f\u00f6r media<\/p>\n<p><strong>Lyra-priset: <\/strong>Maria Modig, avdelningschef kultur, Link\u00f6pings kommun\u00a0<br \/>Telefon: 013-20 51 31 <br \/>E-post: <a href=\"https:\/\/via.tt.se\/pressmeddelande\/4170410\/mailto:maria.modig@linkoping.se\" rel=\"nofollow noopener\" target=\"_blank\">maria.modig@linkoping.se<\/a><\/p>\n<p><strong>Kultur- och honn\u00f6rsstipendium:<\/strong> Malin Forsling Parborg <br \/>Sakkunnig Kultur, Link\u00f6pings kommun <br \/>Telefon: 013-20 62 73 <br \/>E-post:\u00a0<a href=\"https:\/\/via.tt.se\/pressmeddelande\/4170410\/mailto:Malin.Forsling-Parborg@linkoping.se\" rel=\"nofollow noopener\" target=\"_blank\">Malin.Forsling-Parborg@linkoping.se<\/a><\/p>\n<p>Motiveringar 2025<\/p>\n<p><strong>Honn\u00f6rsstipendiater:<\/strong><\/p>\n<p><strong>Stefan Apelqvist<\/strong> &#8221;F\u00f6r att han i decennier, som del av flera uppskattade duos, outtr\u00f6ttligt och p\u00e5litligt har bjudit in publiken till medryckande och of\u00f6rgl\u00f6mliga musikupplevelser. Med smittande entusiasm och gl\u00e4dje skapar han delaktighet och engagerar publiken i alla \u00e5ldrar, oavsett v\u00e4der eller sammanhang vare sig scenen \u00e4r ett klassrum, en konsertsal eller en utomhusscen.&#8221;<\/p>\n<p><strong>Bruno K. \u00d6ijer<\/strong> &#8221;F\u00f6r sin suggestiva poesi pr\u00e4glad av uppv\u00e4xten i Link\u00f6ping d\u00e4r han lyfter in hemstaden i den nationella litteraturen. Med orubblig integritet g\u00e5r han sin egen v\u00e4g och trollbinder publiken med memorerade dikter framf\u00f6rda med total inlevelse, vilket \u00e5terigen bevisades p\u00e5 f\u00f6rra \u00e5rets turn\u00e9 med sin f\u00f6rsta diktsamling p\u00e5 tio \u00e5r.&#8221;<\/p>\n<p><strong>Kulturstipendiater:<\/strong><\/p>\n<p><strong>\u00c5sa Liab\u00e4ck<\/strong> &#8221;F\u00f6r att hon inom den moderna feelgood-genren, och med en psykoterapeuts insikt, skapar ett rikt persongalleri som ber\u00f6r p\u00e5 djupet, d\u00e4r hon i trygga milj\u00f6er vid St\u00e5ng\u00e5n skildrar livet bakom fasaderna. Sedan debuten 2021 har hon breddat sina Link\u00f6pingsskildringar fr\u00e5n kolonilotten till lummiga villakvarter, vilket skapar en sp\u00e4nd f\u00f6rv\u00e4ntan p\u00e5 vilken plats i staden som h\u00e4rn\u00e4st f\u00e5r utg\u00f6ra fond f\u00f6r hennes ber\u00e4ttelser.&#8221;<\/p>\n<p><strong>Disa B\u00e4ck<\/strong> &#8221;F\u00f6r sitt arbete med att vitalisera Link\u00f6pings revy- och musikaltradition har hon, genom sina m\u00e5nga roller som producent, artist och konferencier, engagerat en ny, yngre generation i konstformen. Djupt rotad i det lokala teaterlivet ger hon nu tillbaka till sin hemstad, d\u00e4r hennes arbete forts\u00e4tter att fungera som en viktig spegel f\u00f6r framtiden och ventil f\u00f6r samtiden.&#8221;<\/p>\n<p><strong>Sven Lyra-priset:<\/strong><\/p>\n<p><strong>Lars Jonsson<\/strong> &#8221;T\u00e4nkaren, utbildaren och allkonstn\u00e4ren som l\u00e5gm\u00e4lt, starkt och envetet har verkat f\u00f6r att kulturens r\u00f6st och uttryck ska f\u00e5 den plats den f\u00f6rtj\u00e4nar \u2013 och d\u00e4rmed visat dess ov\u00e4rderliga demokratiska betydelse.&#8221;<\/p>\n","protected":false},"excerpt":{"rendered":"Idag den 3 december riktades str\u00e5lkastarljuset mot Link\u00f6pings huvudbibliotek. D\u00e5 samlades kulturlivet f\u00f6r att prisa fem personer som&hellip;\n","protected":false},"author":2,"featured_media":96312,"comment_status":"","ping_status":"","sticky":false,"template":"","format":"standard","meta":{"footnotes":""},"categories":[67],"tags":[104,34,31,33,32,30,105],"class_list":{"0":"post-96311","1":"post","2":"type-post","3":"status-publish","4":"format-standard","5":"has-post-thumbnail","7":"category-underhallning","8":"tag-entertainment","9":"tag-se","10":"tag-svenska","11":"tag-sverige","12":"tag-sweden","13":"tag-swedish","14":"tag-underhallning"},"share_on_mastodon":{"url":"https:\/\/pubeurope.com\/@se\/115656700935399847","error":""},"_links":{"self":[{"href":"https:\/\/www.europesays.com\/se\/wp-json\/wp\/v2\/posts\/96311","targetHints":{"allow":["GET"]}}],"collection":[{"href":"https:\/\/www.europesays.com\/se\/wp-json\/wp\/v2\/posts"}],"about":[{"href":"https:\/\/www.europesays.com\/se\/wp-json\/wp\/v2\/types\/post"}],"author":[{"embeddable":true,"href":"https:\/\/www.europesays.com\/se\/wp-json\/wp\/v2\/users\/2"}],"replies":[{"embeddable":true,"href":"https:\/\/www.europesays.com\/se\/wp-json\/wp\/v2\/comments?post=96311"}],"version-history":[{"count":0,"href":"https:\/\/www.europesays.com\/se\/wp-json\/wp\/v2\/posts\/96311\/revisions"}],"wp:featuredmedia":[{"embeddable":true,"href":"https:\/\/www.europesays.com\/se\/wp-json\/wp\/v2\/media\/96312"}],"wp:attachment":[{"href":"https:\/\/www.europesays.com\/se\/wp-json\/wp\/v2\/media?parent=96311"}],"wp:term":[{"taxonomy":"category","embeddable":true,"href":"https:\/\/www.europesays.com\/se\/wp-json\/wp\/v2\/categories?post=96311"},{"taxonomy":"post_tag","embeddable":true,"href":"https:\/\/www.europesays.com\/se\/wp-json\/wp\/v2\/tags?post=96311"}],"curies":[{"name":"wp","href":"https:\/\/api.w.org\/{rel}","templated":true}]}}