{"id":96381,"date":"2025-12-03T19:22:14","date_gmt":"2025-12-03T19:22:14","guid":{"rendered":"https:\/\/www.europesays.com\/se\/96381\/"},"modified":"2025-12-03T19:22:14","modified_gmt":"2025-12-03T19:22:14","slug":"landskrona-hyllar-sina-254e-plats-inom-hemtjanstens-utforande-landskrona-direkt","status":"publish","type":"post","link":"https:\/\/www.europesays.com\/se\/96381\/","title":{"rendered":"Landskrona hyllar sina 254:e plats inom hemtj\u00e4nstens utf\u00f6rande &#8211; Landskrona Direkt"},"content":{"rendered":"<ol>\n<li><a href=\"https:\/\/news.google.com\/rss\/articles\/CBMiqgFBVV95cUxQX3V6NnpaSkFlU3NWUDlRd2xVaTlBa01pcTBiYnhWNEhvYmhnRVpKOGFyN0Y0VFlnbEFwSDlPZlFPZnIzNUIxcy1jLUxnVkNoUUljWktBcWFRVUxfMTE0dy1NNXAxdWstSlZzNVkzQXUycV9vUXB5cDdKMEVzWUNwRnlTUXJIYjhUdEQxUkpTOTE2Nnl0U1ZTcXliZktuVk1semp0S3V1QjVVdw?oc=5\" target=\"_blank\" rel=\"nofollow noopener\">Landskrona hyllar sina 254:e plats inom hemtj\u00e4nstens utf\u00f6rande<\/a>&nbsp;&nbsp;Landskrona Direkt<\/li>\n<li><a href=\"https:\/\/news.google.com\/rss\/articles\/CBMimgFBVV95cUxPMHI4Wml4b3NvbmctZW1ZbGx4bmk1WmlaMHBlN0NXSFFaRnJQLUdidGJ3dW1pcHg5M3FFbjNXdEo0ZGExQkRsbnBfQnNFUEpfZFVTVThkX0x0OUxPVHpHSzdkR2g0aFR0MkUta2Y3WHJqdUUzSVlVVk1jZnEwNElvTDZpZjV6d2xsa1JlQ01UTkZGRGRJWXczT09R?oc=5\" target=\"_blank\" rel=\"nofollow noopener\">L\u00e5ga betyg f\u00f6r hemtj\u00e4nsten i \u00d6rebro l\u00e4n i ny rankning<\/a>&nbsp;&nbsp;SVT Nyheter<\/li>\n<li><a href=\"https:\/\/news.google.com\/rss\/articles\/CBMi2gFBVV95cUxPUnJuLUZ3d245cm5GcHRSTTR2eVlOeWxod0hrNklLcjlyLWZ6NExOV1RUVmpWYVdWTUNFWFhOdW1ndEE4YmFsQmVCX0RyMTA0akdXTmYwOTB6SGo0T24wMGp6Mk1PRk5jaDYxVjdpejRwSnlXQ2wwZzBmd2FwLUFmZlpZV1RJOGJDMDdhblUzOWlnMVVOY0x5eVl6ZlplQU1HeTFGSFRHSUUyN1J4NEo4eEhoRjhKRnV6S3dNWlFfblI4S3JoS0YwZ0dPZTFNUllhSEZCWTNBNlhvQQ?oc=5\" target=\"_blank\" rel=\"nofollow noopener\">Hemtj\u00e4nstindex 2025: Sveriges b\u00e4sta hemtj\u00e4nstkommuner \u2013 Kristianstad i topp<\/a>&nbsp;&nbsp;Via TT<\/li>\n<li><a href=\"https:\/\/news.google.com\/rss\/articles\/CBMilwFBVV95cUxNdUM4eDR0bUJ2SEp0VHc4eS1sZHpNNXVZZTJZTy1OU05tWnJTNGFRMXZLdEVPLWtRNTdMZWRtTi1pWG5UZlVnMmlodXllOXZsTkVLR1FHajg3OHM1OGNJSU5ES1M4QjcxNlpBYUZ1RWRlS2J2dEFkdkZCdzI5VnBzZG05RUVEN2ZfcjFDbVZPWlZyVWk4Nkt3?oc=5\" target=\"_blank\" rel=\"nofollow noopener\">Leksands hemtj\u00e4nst b\u00e4st i Dalarna \u2013 hyllar digitaliseringen<\/a>&nbsp;&nbsp;Siljan News<\/li>\n<li><a href=\"https:\/\/news.google.com\/rss\/articles\/CBMipAFBVV95cUxPZ0JCajdzSDYyNjQ2TjRZRVg5LU5xaGI5d3YtVkFuRFVKT2hUdk1OODUwdk9kV2lpU0ZRWHhXRFF0d3JxaUJrZXJHdGRMd0pkNlF1VWVhYnRTcWgteFBuLUViYk9IOUFLZzVaSlA1YkozUG5xbW9leFIzUmphV2liUjZLT0h4RjQ1SlI2VklDZ21kRS11NkhpM1RWX2lTSkxkLUNKSA?oc=5\" target=\"_blank\" rel=\"nofollow noopener\">Kristianstad har b\u00e4st hemtj\u00e4nst: \u201dBryr oss\u201d<\/a>&nbsp;&nbsp;Kristianstadsbladet<\/li>\n<\/ol>\n","protected":false},"excerpt":{"rendered":"Landskrona hyllar sina 254:e plats inom hemtj\u00e4nstens utf\u00f6rande&nbsp;&nbsp;Landskrona Direkt L\u00e5ga betyg f\u00f6r hemtj\u00e4nsten i \u00d6rebro l\u00e4n i ny&hellip;\n","protected":false},"author":2,"featured_media":96382,"comment_status":"","ping_status":"","sticky":false,"template":"","format":"standard","meta":{"footnotes":""},"categories":[12],"tags":[22,23,26,27,17,21,24,25,28,29,15,16,18,34,31,33,32,30,19,20],"class_list":{"0":"post-96381","1":"post","2":"type-post","3":"status-publish","4":"format-standard","5":"has-post-thumbnail","7":"category-sverige","8":"tag-breaking-news","9":"tag-breakingnews","10":"tag-featured-news","11":"tag-featurednews","12":"tag-headlines","13":"tag-huvudnyheter","14":"tag-latest-news","15":"tag-latestnews","16":"tag-main-news","17":"tag-mainnews","18":"tag-news","19":"tag-nyheter","20":"tag-rubriker","21":"tag-se","22":"tag-svenska","23":"tag-sverige","24":"tag-sweden","25":"tag-swedish","26":"tag-top-stories","27":"tag-topstories"},"share_on_mastodon":{"url":"https:\/\/pubeurope.com\/@se\/115657267258813421","error":""},"_links":{"self":[{"href":"https:\/\/www.europesays.com\/se\/wp-json\/wp\/v2\/posts\/96381","targetHints":{"allow":["GET"]}}],"collection":[{"href":"https:\/\/www.europesays.com\/se\/wp-json\/wp\/v2\/posts"}],"about":[{"href":"https:\/\/www.europesays.com\/se\/wp-json\/wp\/v2\/types\/post"}],"author":[{"embeddable":true,"href":"https:\/\/www.europesays.com\/se\/wp-json\/wp\/v2\/users\/2"}],"replies":[{"embeddable":true,"href":"https:\/\/www.europesays.com\/se\/wp-json\/wp\/v2\/comments?post=96381"}],"version-history":[{"count":0,"href":"https:\/\/www.europesays.com\/se\/wp-json\/wp\/v2\/posts\/96381\/revisions"}],"wp:featuredmedia":[{"embeddable":true,"href":"https:\/\/www.europesays.com\/se\/wp-json\/wp\/v2\/media\/96382"}],"wp:attachment":[{"href":"https:\/\/www.europesays.com\/se\/wp-json\/wp\/v2\/media?parent=96381"}],"wp:term":[{"taxonomy":"category","embeddable":true,"href":"https:\/\/www.europesays.com\/se\/wp-json\/wp\/v2\/categories?post=96381"},{"taxonomy":"post_tag","embeddable":true,"href":"https:\/\/www.europesays.com\/se\/wp-json\/wp\/v2\/tags?post=96381"}],"curies":[{"name":"wp","href":"https:\/\/api.w.org\/{rel}","templated":true}]}}