{"id":96411,"date":"2025-12-03T20:35:16","date_gmt":"2025-12-03T20:35:16","guid":{"rendered":"https:\/\/www.europesays.com\/se\/96411\/"},"modified":"2025-12-03T20:35:16","modified_gmt":"2025-12-03T20:35:16","slug":"kraftdjur-i-dricksvattnet-pa-gotland-bor-kokas","status":"publish","type":"post","link":"https:\/\/www.europesays.com\/se\/96411\/","title":{"rendered":"Kr\u00e4ftdjur i dricksvattnet p\u00e5 Gotland \u2013 b\u00f6r kokas"},"content":{"rendered":"<p>Boende i Visbyomr\u00e5det p\u00e5 Gotland uppmanas att koka dricksvattnet eftersom det uppt\u00e4ckts ovanligt h\u00f6ga halter av organismer, rapporterar SVT Nyheter \u00d6st. <\/p>\n<p>Prover som togs i slutet av november visade p\u00e5 onormalt h\u00f6g f\u00f6rekomst av copepoder, som \u00e4r sm\u00e5 kr\u00e4ftdjur. <\/p>\n<p>\u2013 Det finns alltid organismer i v\u00e5rt dricksvatten, men en s\u00e5dan h\u00e4r avvikelse kr\u00e4ver \u00e5tg\u00e4rder, s\u00e4ger Susanne Bjergeg\u00e5rd Pettersson vid regionens VA-avdelning. <\/p>\n<p>Uppmaningen omfattar boende som anv\u00e4nder kommunalt dricksvatten i Brissund, Sj\u00e4ls\u00f6, Visby, Vibble, V\u00e4skinde och V\u00e4sterhejde.<\/p>\n<p>Omni \u00e4r politiskt obundna och oberoende. Vi str\u00e4var efter att ge fler perspektiv p\u00e5 nyheterna. Har du fr\u00e5gor eller synpunkter kring v\u00e5r rapportering? <a href=\"https:\/\/omni.se\/kraftdjur-i-dricksvattnet-pa-gotland-bor-kokas\/a\/mailto:redaktion@omni.se\" class=\"ArticleActions_contactLink__W2F1M\" rel=\"nofollow noopener\" target=\"_blank\">Kontakta redaktionen<\/a><\/p>\n","protected":false},"excerpt":{"rendered":"Boende i Visbyomr\u00e5det p\u00e5 Gotland uppmanas att koka dricksvattnet eftersom det uppt\u00e4ckts ovanligt h\u00f6ga halter av organismer, rapporterar&hellip;\n","protected":false},"author":2,"featured_media":96412,"comment_status":"","ping_status":"","sticky":false,"template":"","format":"standard","meta":{"footnotes":""},"categories":[12],"tags":[22,23,26,27,3489,17,21,24,25,28,29,15,16,18,34,31,33,32,30,19,20,11354],"class_list":{"0":"post-96411","1":"post","2":"type-post","3":"status-publish","4":"format-standard","5":"has-post-thumbnail","7":"category-sverige","8":"tag-breaking-news","9":"tag-breakingnews","10":"tag-featured-news","11":"tag-featurednews","12":"tag-gotland","13":"tag-headlines","14":"tag-huvudnyheter","15":"tag-latest-news","16":"tag-latestnews","17":"tag-main-news","18":"tag-mainnews","19":"tag-news","20":"tag-nyheter","21":"tag-rubriker","22":"tag-se","23":"tag-svenska","24":"tag-sverige","25":"tag-sweden","26":"tag-swedish","27":"tag-top-stories","28":"tag-topstories","29":"tag-visby"},"share_on_mastodon":{"url":"https:\/\/pubeurope.com\/@se\/115657554345798624","error":""},"_links":{"self":[{"href":"https:\/\/www.europesays.com\/se\/wp-json\/wp\/v2\/posts\/96411","targetHints":{"allow":["GET"]}}],"collection":[{"href":"https:\/\/www.europesays.com\/se\/wp-json\/wp\/v2\/posts"}],"about":[{"href":"https:\/\/www.europesays.com\/se\/wp-json\/wp\/v2\/types\/post"}],"author":[{"embeddable":true,"href":"https:\/\/www.europesays.com\/se\/wp-json\/wp\/v2\/users\/2"}],"replies":[{"embeddable":true,"href":"https:\/\/www.europesays.com\/se\/wp-json\/wp\/v2\/comments?post=96411"}],"version-history":[{"count":0,"href":"https:\/\/www.europesays.com\/se\/wp-json\/wp\/v2\/posts\/96411\/revisions"}],"wp:featuredmedia":[{"embeddable":true,"href":"https:\/\/www.europesays.com\/se\/wp-json\/wp\/v2\/media\/96412"}],"wp:attachment":[{"href":"https:\/\/www.europesays.com\/se\/wp-json\/wp\/v2\/media?parent=96411"}],"wp:term":[{"taxonomy":"category","embeddable":true,"href":"https:\/\/www.europesays.com\/se\/wp-json\/wp\/v2\/categories?post=96411"},{"taxonomy":"post_tag","embeddable":true,"href":"https:\/\/www.europesays.com\/se\/wp-json\/wp\/v2\/tags?post=96411"}],"curies":[{"name":"wp","href":"https:\/\/api.w.org\/{rel}","templated":true}]}}