{"id":96488,"date":"2025-12-03T23:26:11","date_gmt":"2025-12-03T23:26:11","guid":{"rendered":"https:\/\/www.europesays.com\/se\/96488\/"},"modified":"2025-12-03T23:26:11","modified_gmt":"2025-12-03T23:26:11","slug":"galaxy-z-trifold-tar-viktelefonen-till-nasta-niva","status":"publish","type":"post","link":"https:\/\/www.europesays.com\/se\/96488\/","title":{"rendered":"Galaxy Z TriFold tar viktelefonen till n\u00e4sta niv\u00e5"},"content":{"rendered":"<p><a href=\"https:\/\/news.samsung.com\/global\/introducing-galaxy-z-trifold-the-shape-of-whats-next-in-mobile-innovation\" rel=\"nofollow noopener\" target=\"_blank\">Samsung har nu lyft skynket f\u00f6r Galaxy Z TriFold<\/a>, en telefon som tar vikbara mobiler ett steg l\u00e4ngre. H\u00e4r \u00f6ppnas inte bara en sk\u00e4rm, utan tv\u00e5, och resultatet \u00e4r en arbetsyta p\u00e5 tio tum. Formatet p\u00e5minner om n\u00e5got ingenj\u00f6rerna dr\u00f6mde om redan p\u00e5 nittiotalet, n\u00e4r allt skulle vara kompakt men \u00e4nd\u00e5 rymma en hel v\u00e4rld.<\/p>\n<p><img loading=\"lazy\" decoding=\"async\" width=\"1024\" height=\"512\" src=\"https:\/\/www.europesays.com\/se\/wp-content\/uploads\/2025\/12\/Galaxy-Z-TriFold-2-1024x512.png\" alt=\"Supertunn n\u00e4r man har st\u00f6rre yta att f\u00f6rdela komponenterna p\u00e5. (Foto: Samsung)\" class=\"wp-image-1589390\"  \/>Supertunn n\u00e4r man har st\u00f6rre yta att f\u00f6rdela komponenterna p\u00e5. (Foto: Samsung)<\/p>\n<p>TriFold ser vid f\u00f6rsta anblick ut som en vanlig mobil med sin yttre 6,5-tums sk\u00e4rm. Men \u00f6ppnar du den vidare vecklar konstruktionen ut sig till ett brett panoramaf\u00f6nster \u2013 n\u00e5got som f\u00e5r den traditionella surfplattan att k\u00e4nnas som en relik fr\u00e5n f\u00f6rr. <\/p>\n<p>Samsung har anv\u00e4nt en in\u00e5tvikt konstruktion d\u00e4r b\u00e5da panelerna skyddas n\u00e4r telefonen \u00e4r st\u00e4ngd, ett grepp som f\u00f6r tankarna till hur man alltid tog hand om sina dyrbarheter f\u00f6rr i tiden.<\/p>\n<p>Mer plats f\u00f6r arbete och tankearbete<\/p>\n<p>Den stora sk\u00e4rmen \u00e4r gjord f\u00f6r multitasking. Tre appar kan k\u00f6ras bredvid varandra och med Samsung DeX i sin frist\u00e5ende version g\u00e5r det att skapa en liten arbetsstation var man \u00e4n befinner sig. <\/p>\n<p>F\u00f6r den som g\u00e4rna g\u00f6r mycket samtidigt \u2013 eller kommer ih\u00e5g tiden n\u00e4r skrivbordet var fullt av papper \u2013 blir det h\u00e4r ett nytt s\u00e4tt att h\u00e5lla ordning p\u00e5 dagen.<\/p>\n<p><img loading=\"lazy\" decoding=\"async\" width=\"1024\" height=\"512\" src=\"https:\/\/www.europesays.com\/se\/wp-content\/uploads\/2025\/12\/Galaxy-Z-TriFold-4-1024x512.png\" alt=\"10 tum sk\u00e4rm n\u00e4r den \u00e4r fullt utvikt. (Foto: Samsung)\" class=\"wp-image-1589392\"  \/>10 tum sk\u00e4rm n\u00e4r den \u00e4r fullt utvikt. (Foto: Samsung)<\/p>\n<p>Under skalet finns Snapdragons 8 Elite-chip och ett batteri p\u00e5 5600 mAh, f\u00f6rdelat \u00f6ver tre paneler f\u00f6r j\u00e4mn belastning. <\/p>\n<p>Kameradelen best\u00e5r av en huvudlins p\u00e5 200 megapixel, kompletterad av vidvinkel och tele. <\/p>\n<p>Konstruktionen h\u00e5lls ihop av tv\u00e5 g\u00e5ngj\u00e4rn i titan och en ram i Advanced Armor Aluminum, ett material som st\u00e5r emot slitage utan att bygga p\u00e5 tjockleken.<\/p>\n","protected":false},"excerpt":{"rendered":"Samsung har nu lyft skynket f\u00f6r Galaxy Z TriFold, en telefon som tar vikbara mobiler ett steg l\u00e4ngre.&hellip;\n","protected":false},"author":2,"featured_media":96489,"comment_status":"","ping_status":"","sticky":false,"template":"","format":"standard","meta":{"footnotes":""},"categories":[66],"tags":[4095,7392,11357,80,78,79,34,31,33,32,30,81,84,83,82],"class_list":{"0":"post-96488","1":"post","2":"type-post","3":"status-publish","4":"format-standard","5":"has-post-thumbnail","7":"category-vetenskap-och-teknik","8":"tag-samsung","9":"tag-samsung-galaxy","10":"tag-samsung-galaxy-fold","11":"tag-science","12":"tag-science-and-technology","13":"tag-scienceandtechnology","14":"tag-se","15":"tag-svenska","16":"tag-sverige","17":"tag-sweden","18":"tag-swedish","19":"tag-technology","20":"tag-teknik","21":"tag-vetenskap","22":"tag-vetenskapteknik"},"share_on_mastodon":{"url":"https:\/\/pubeurope.com\/@se\/115658226813871037","error":""},"_links":{"self":[{"href":"https:\/\/www.europesays.com\/se\/wp-json\/wp\/v2\/posts\/96488","targetHints":{"allow":["GET"]}}],"collection":[{"href":"https:\/\/www.europesays.com\/se\/wp-json\/wp\/v2\/posts"}],"about":[{"href":"https:\/\/www.europesays.com\/se\/wp-json\/wp\/v2\/types\/post"}],"author":[{"embeddable":true,"href":"https:\/\/www.europesays.com\/se\/wp-json\/wp\/v2\/users\/2"}],"replies":[{"embeddable":true,"href":"https:\/\/www.europesays.com\/se\/wp-json\/wp\/v2\/comments?post=96488"}],"version-history":[{"count":0,"href":"https:\/\/www.europesays.com\/se\/wp-json\/wp\/v2\/posts\/96488\/revisions"}],"wp:featuredmedia":[{"embeddable":true,"href":"https:\/\/www.europesays.com\/se\/wp-json\/wp\/v2\/media\/96489"}],"wp:attachment":[{"href":"https:\/\/www.europesays.com\/se\/wp-json\/wp\/v2\/media?parent=96488"}],"wp:term":[{"taxonomy":"category","embeddable":true,"href":"https:\/\/www.europesays.com\/se\/wp-json\/wp\/v2\/categories?post=96488"},{"taxonomy":"post_tag","embeddable":true,"href":"https:\/\/www.europesays.com\/se\/wp-json\/wp\/v2\/tags?post=96488"}],"curies":[{"name":"wp","href":"https:\/\/api.w.org\/{rel}","templated":true}]}}