{"id":96492,"date":"2025-12-04T00:18:09","date_gmt":"2025-12-04T00:18:09","guid":{"rendered":"https:\/\/www.europesays.com\/se\/96492\/"},"modified":"2025-12-04T00:18:09","modified_gmt":"2025-12-04T00:18:09","slug":"luqmaan-khan-misstanks-ha-forberett-ett-massmord","status":"publish","type":"post","link":"https:\/\/www.europesays.com\/se\/96492\/","title":{"rendered":"Luqmaan Khan misst\u00e4nks ha f\u00f6rberett ett massmord"},"content":{"rendered":"<p><a data-test-tag=\"internal-link\" href=\"https:\/\/www.aftonbladet.se\/av\/johan-edgar\" class=\"hyperion-css-13ns1rr\" rel=\"nofollow noopener\" target=\"\" aria-label=\"Se alla artiklar av Johan Edgar\"><img decoding=\"async\" class=\"image-asset hyperion-css-n6kkq1\" data-test-tag=\"image-asset\" src=\"https:\/\/www.europesays.com\/se\/wp-content\/uploads\/2025\/12\/1764807489_809_95268424-8e04-40ee-ba36-b98d6cc58976\"  alt=\"\"  loading=\"lazy\" fetchpriority=\"auto\" style=\"aspect-ratio:1900 \/ 1900\"\/><\/a>share-arrowDela<\/p>\n<p>unsaveSpara<\/p>\n<p>expand-left<\/p>\n<p>helsk\u00e4rm<img decoding=\"async\" class=\"image-asset hyperion-css-u06ts1\" data-test-tag=\"image-asset\" src=\"https:\/\/www.europesays.com\/se\/wp-content\/uploads\/2025\/12\/42df3779-fe6e-418f-b90f-b1c18fd0bec0\"  alt=\"Luqmaan Khan, 25, misst\u00e4nks ha f\u00f6rberett ett massmord.\"  loading=\"eager\" fetchpriority=\"high\" style=\"aspect-ratio:819 \/ 1024\"\/>Luqmaan Khan, 25, misst\u00e4nks ha f\u00f6rberett ett massmord. Foto: New Castle County Police<\/p>\n<p class=\"hyperion-css-1shl3oz\" data-test-tag=\"lead-text\">25-\u00e5ringen f\u00f6r\u00e4ndrades pl\u00f6tsligt.<\/p>\n<p class=\"hyperion-css-1shl3oz\" data-test-tag=\"lead-text\">Nu har den popul\u00e4re fris\u00f6ren gripits med bilen full av mordutrustning.<\/p>\n<p class=\"hyperion-css-1shl3oz\" data-test-tag=\"lead-text\">\u201dD\u00f6da alla \u2013 bli martyr\u201d, skrev han i ett kusligt manifest.<\/p>\n<p class=\"hyperion-css-1v9qo5x\">Parken hade st\u00e4ngt f\u00f6r kv\u00e4llen.<\/p>\n<p class=\"hyperion-css-1v9qo5x\">D\u00e4rf\u00f6r gick polisen fram f\u00f6r att prata med f\u00f6raren som satt i en bil p\u00e5 omr\u00e5det i staden Wilmington i <a data-test-tag=\"internal-link\" href=\"https:\/\/www.aftonbladet.se\/tagg\/delaware\" class=\"hyperion-css-15jkft9\" rel=\"nofollow noopener\" target=\"\" aria-label=\"Delaware\">Delaware<\/a>.<\/p>\n<p class=\"hyperion-css-1v9qo5x\">Det kan mycket v\u00e4l ha stoppat ett massmord mot universitetet i Delaware.<\/p>\n<p>Kusliga fynd i bilen<\/p>\n<p class=\"hyperion-css-1v9qo5x\">N\u00e4r polisen n\u00e4rmade sig mannen i en vit Toyota Tacoma m\u00e4rkte man att han var \u201dm\u00e4rkbart nerv\u00f6s, undvek \u00f6gonkontakt och str\u00e4ckte sig mot samma st\u00e4lle ett flertal g\u00e5nger\u201d. <\/p>\n<p class=\"hyperion-css-1v9qo5x\">K\u00f6rkortet identifierade honom som Luqmaan Khan, 25.<\/p>\n<p class=\"hyperion-css-1v9qo5x\">Misstankarna om att allt inte stod r\u00e4tt till med honom var starka nog f\u00f6r att han skulle gripas och bilen genoms\u00f6kas.<\/p>\n<p class=\"hyperion-css-1v9qo5x\">Fynden de gjorde var kusliga.<\/p>\n<p class=\"hyperion-css-1v9qo5x\">I bilen hittade polisen en pistol, en konverteringssats f\u00f6r att g\u00f6ra om den till ett halvautomatiskt gev\u00e4r, ammunition, skyddsutrustning \u2013 och en fullskalig mordplan.<\/p>\n<p>expand-left<\/p>\n<p>helsk\u00e4rm<img decoding=\"async\" class=\"image-asset hyperion-css-u06ts1\" data-test-tag=\"image-asset\" src=\"https:\/\/www.europesays.com\/se\/wp-content\/uploads\/2025\/12\/54cd37d7-4612-4b40-b52a-d7037dea2d3f\"  alt=\"Vapnen som hittades i bilen.\"  loading=\"eager\" fetchpriority=\"high\" style=\"aspect-ratio:1024 \/ 665\"\/>Vapnen som hittades i bilen. Foto: New Castle County Police\u201dD\u00f6da alla\u201d<\/p>\n<p class=\"hyperion-css-1v9qo5x\">Khan hade i sitt anteckningsblock ritat upp en skiss \u00f6ver universitetets polisstation med ing\u00e5ngar och utg\u00e5ngar och skrivit en checklista f\u00f6r \u201durban krigsf\u00f6ring\u201d. <\/p>\n<p class=\"hyperion-css-1v9qo5x\">P\u00e5 ett st\u00e4lle hade 25-\u00e5ringen skrivit \u201dD\u00f6da alla \u2013 bli martyr\u201d, <a aria-label=\"uppger ABC News 6\" class=\"default hyperion-css-15jkft9\" href=\"https:\/\/6abc.com\/post\/man-found-guns-body-armor-diagram-university-delaware-police-department-authorities-say\/18240003\/\" rel=\"noopener nofollow noreferrer\" data-test-tag=\"external-link\" target=\"_blank\">uppger ABC News 6<\/a>.<\/p>\n<p class=\"hyperion-css-1v9qo5x\">Polisen larmade FBI som tog \u00f6ver fallet och genomf\u00f6rde en husrannsakan mot hans bostad i Wilmington.<\/p>\n<p class=\"hyperion-css-1v9qo5x\">I bostaden hittades fler vapen.<\/p>\n<p class=\"hyperion-css-1v9qo5x\">Khan har uppgett i f\u00f6rh\u00f6r med polisen att martyrskap \u00e4r \u201dn\u00e5got av det st\u00f6rsta en m\u00e4nniska kan uppn\u00e5\u201d och n\u00e5got han efterstr\u00e4vat, uppger ABC News 6.<\/p>\n<p>chevron-leftf\u00f6reg\u00e5ende<\/p>\n<ul class=\"carousel-container-viewport\" style=\"transform:translate3d(0%, 0, 0)\">\n<li class=\"carousel-slide\" style=\"z-index:1;filter:none(1);padding-bottom:90.2439%\"><img decoding=\"async\" class=\"image-asset hyperion-css-u06ts1\" data-test-tag=\"image-asset\" src=\"https:\/\/www.europesays.com\/se\/wp-content\/uploads\/2025\/12\/369cd812-fe9f-49fb-8608-ca44619ed498\"  alt=\"\"  fetchpriority=\"auto\" style=\"aspect-ratio:492 \/ 444\"\/><\/li>\n<li class=\"carousel-slide\" style=\"filter:none(0.3);padding-bottom:90.2439%\"><img decoding=\"async\" class=\"image-asset hyperion-css-u06ts1\" data-test-tag=\"image-asset\" src=\"https:\/\/www.europesays.com\/se\/wp-content\/uploads\/2025\/12\/fd3a61df-434f-4841-86a6-43f50441b702\"  alt=\"\"  fetchpriority=\"auto\" style=\"aspect-ratio:752 \/ 1024\"\/><\/li>\n<\/ul>\n<p>expand-left<\/p>\n<p>helsk\u00e4rmchevron-rightn\u00e4staLuqmaan Khan hade ritat en skiss \u00f6ver universitetets polisstation.<\/p>\n<p>1 \/ 2Foto: New Castle County Police<\/p>\n<p>Var trevlig och pratsam<\/p>\n<p class=\"hyperion-css-1v9qo5x\">F\u00f6r grannarna \u00e4r gripandet av Khan f\u00f6rra m\u00e5ndagen och hans misst\u00e4nkta planer p\u00e5 en masskjutning ett mysterium.<\/p>\n<p class=\"hyperion-css-1v9qo5x\">Den ostraffade mannen flyttade med sin familj fr\u00e5n Pakistan till USA som barn och \u00e4r amerikansk medborgare.<\/p>\n<p class=\"hyperion-css-1v9qo5x\">En av grannarna s\u00e4ger till tv-kanalen att 25-\u00e5ringen arbetade som fris\u00f6r och hon tagit sin son till honom f\u00f6r att klippa sig.<\/p>\n<p class=\"hyperion-css-1v9qo5x\">Hon uppger att han var trevlig och pratsam. <\/p>\n<p class=\"hyperion-css-1v9qo5x\">Men f\u00f6r n\u00e5gra m\u00e5nader sedan f\u00f6r\u00e4ndrades hans trivsamma upptr\u00e4dande i grannskapet.<\/p>\n<p>Studenter i chock<\/p>\n<p class=\"hyperion-css-1v9qo5x\">\u2013 Han blev pl\u00f6tsligt bara avst\u00e5ndstagande. S\u00e5 varje g\u00e5ng n\u00e5gon sa hej till honom ignorerade han det totalt, s\u00e4ger grannen till ABC News 6.<\/p>\n<p class=\"hyperion-css-1v9qo5x\">Sedan nyheten om de misst\u00e4nkta masskjutningsplanerna blev k\u00e4nd har oron spridit sig p\u00e5 universitetet.<\/p>\n<p class=\"hyperion-css-1v9qo5x\">\u2013 Jag har alltid k\u00e4nt mig v\u00e4ldigt s\u00e4ker h\u00e4r p\u00e5 campus, s\u00e5 att h\u00f6ra om en s\u00e5dan sak \u00e4r sj\u00e4lvklart en chock, s\u00e4ger Charlotte Ward till tv-kanalen.<\/p>\n","protected":false},"excerpt":{"rendered":"share-arrowDela unsaveSpara expand-left helsk\u00e4rmLuqmaan Khan, 25, misst\u00e4nks ha f\u00f6rberett ett massmord. Foto: New Castle County Police 25-\u00e5ringen f\u00f6r\u00e4ndrades&hellip;\n","protected":false},"author":2,"featured_media":96493,"comment_status":"","ping_status":"","sticky":false,"template":"","format":"standard","meta":{"footnotes":""},"categories":[5],"tags":[22,23,26,27,17,21,24,25,28,29,15,16,18,34,31,33,32,30,19,20],"class_list":{"0":"post-96492","1":"post","2":"type-post","3":"status-publish","4":"format-standard","5":"has-post-thumbnail","7":"category-rubriker","8":"tag-breaking-news","9":"tag-breakingnews","10":"tag-featured-news","11":"tag-featurednews","12":"tag-headlines","13":"tag-huvudnyheter","14":"tag-latest-news","15":"tag-latestnews","16":"tag-main-news","17":"tag-mainnews","18":"tag-news","19":"tag-nyheter","20":"tag-rubriker","21":"tag-se","22":"tag-svenska","23":"tag-sverige","24":"tag-sweden","25":"tag-swedish","26":"tag-top-stories","27":"tag-topstories"},"share_on_mastodon":{"url":"https:\/\/pubeurope.com\/@se\/115658431428453646","error":""},"_links":{"self":[{"href":"https:\/\/www.europesays.com\/se\/wp-json\/wp\/v2\/posts\/96492","targetHints":{"allow":["GET"]}}],"collection":[{"href":"https:\/\/www.europesays.com\/se\/wp-json\/wp\/v2\/posts"}],"about":[{"href":"https:\/\/www.europesays.com\/se\/wp-json\/wp\/v2\/types\/post"}],"author":[{"embeddable":true,"href":"https:\/\/www.europesays.com\/se\/wp-json\/wp\/v2\/users\/2"}],"replies":[{"embeddable":true,"href":"https:\/\/www.europesays.com\/se\/wp-json\/wp\/v2\/comments?post=96492"}],"version-history":[{"count":0,"href":"https:\/\/www.europesays.com\/se\/wp-json\/wp\/v2\/posts\/96492\/revisions"}],"wp:featuredmedia":[{"embeddable":true,"href":"https:\/\/www.europesays.com\/se\/wp-json\/wp\/v2\/media\/96493"}],"wp:attachment":[{"href":"https:\/\/www.europesays.com\/se\/wp-json\/wp\/v2\/media?parent=96492"}],"wp:term":[{"taxonomy":"category","embeddable":true,"href":"https:\/\/www.europesays.com\/se\/wp-json\/wp\/v2\/categories?post=96492"},{"taxonomy":"post_tag","embeddable":true,"href":"https:\/\/www.europesays.com\/se\/wp-json\/wp\/v2\/tags?post=96492"}],"curies":[{"name":"wp","href":"https:\/\/api.w.org\/{rel}","templated":true}]}}