{"id":96496,"date":"2025-12-04T00:26:21","date_gmt":"2025-12-04T00:26:21","guid":{"rendered":"https:\/\/www.europesays.com\/se\/96496\/"},"modified":"2025-12-04T00:26:21","modified_gmt":"2025-12-04T00:26:21","slug":"svt-klippte-bort-kansliga-fragan-till-pernilla-wahlgren","status":"publish","type":"post","link":"https:\/\/www.europesays.com\/se\/96496\/","title":{"rendered":"SVT klippte bort k\u00e4nsliga fr\u00e5gan till Pernilla Wahlgren"},"content":{"rendered":"<p>Publicerad 3 dec 2025 kl 20.48Uppdaterad kl 21.09<\/p>\n<p>Pernilla Wahlgren, 57, fick en fr\u00e5ga om en brottsd\u00f6md anh\u00f6rig i SVT-programmet \u201dFr\u00e5gan \u00e4r fri\u201d.\u00a0<\/p>\n<p>\u201dDet river upp massa s\u00e5r och skapar drev\u201d, skrev Wahlgren till Expressen.\u00a0<\/p>\n<p>SVT backade och valde sedan att klippa bort fr\u00e5gan.\u00a0<\/p>\n<p>\u2013 Vi hade absolut felbed\u00f6mt hur allm\u00e4nt k\u00e4nt det h\u00e4r \u00e4r, s\u00e4ger Charles Franz, utbudsansvarig f\u00f6r programmet.\u00a0<\/p>\n<p>N\u00f6jesglimtar: Nedslag fr\u00e5n k\u00e4ndisv\u00e4rlden<img   alt=\"\"\/><\/p>\n<p>Pernilla Wahlgren g\u00e4star SVT:s \u201dFr\u00e5gan \u00e4r fri\u201d.<\/p>\n<p>Foto: SVT \/ \u201dFr\u00e5gan \u00e4r fri\u201d<\/p>\n<p>\u00d6ppna bild i helsk\u00e4rm<\/p>\n<p>I \u201dFr\u00e5gan \u00e4r fri\u201d intervjuas k\u00e4nda svenskar av personer p\u00e5 autismspektrat och med intellektuell funktionsneds\u00e4ttning. I veckans program \u00e4r artisten och tv-profilen Pernilla Wahlgren, 57, g\u00e4st.\u00a0<\/p>\n<p>Artikeln i korthet<\/p>\n<p> Pernilla Wahlgren fick en k\u00e4nslig fr\u00e5ga, om en brottsd\u00f6md anh\u00f6rig till henne, n\u00e4r hon medverkade i SVT-programmet \u201dFr\u00e5gan \u00e4r fri\u201d.\u00a0<\/p>\n<p> Den anh\u00f6riga var inte namngiven som brottsling av SVT.\u00a0<\/p>\n<p> Under onsdagen har SVT klippt bort den k\u00e4nsliga fr\u00e5gan.\u00a0<\/p>\n<p>Visa mer<\/p>\n<p>Hon fick en fr\u00e5ga en brottsd\u00f6md anh\u00f6rig. I programmet n\u00e4mndes b\u00e5de den anh\u00f6rigas namn och vad personen \u00e4r d\u00f6md f\u00f6r.\u00a0<\/p>\n<p>I en kommentar till Expressen sa Pernilla Wahlgren: \u201dSj\u00e4lvklart var detta inget jag ville ha med d\u00e5 det river upp massa s\u00e5r och skapar drev. Detta \u00e4r n\u00e5got som h\u00e4nde f\u00f6r flera \u00e5r sedan och som har t\u00e4rt v\u00e4ldigt mycket.\u201d<\/p>\n<p>Den anh\u00f6riga \u00e4r inte tidigare namngiven som brottsling av <a href=\"https:\/\/www.expressen.se\/tagg\/organization\/svt\/\" class=\"\" rel=\"nofollow noopener\" target=\"_blank\">SVT<\/a>.\u00a0<\/p>\n<p>\u201dEn d\u00e5lig bed\u00f6mning\u201d<\/p>\n<p>SVT publicerade programmet p\u00e5 SVT Play tidigt under onsdagen. Senare under dagen hade SVT klippt om programmet och tagit bort fr\u00e5gan. Under kv\u00e4llen s\u00e4ndes programmet i linj\u00e4r-tv i sin nya form.<\/p>\n<p>\u2013 Vi tittade p\u00e5 det igen och best\u00e4mde oss f\u00f6r att \u00e4ndra publiceringen, s\u00e4ger Charles Franz, utbudsansvarig f\u00f6r \u201dFr\u00e5gan \u00e4r fri\u201d.\u00a0<\/p>\n<p>Han f\u00f6rklarar vidare:<\/p>\n<p>\u2013 Reportrarna g\u00f6r sin research och id\u00e9n \u00e4r just att de f\u00e5r st\u00e4lla vilka fr\u00e5gor de vill. Men beslutet att publicera ligger hos mig, som \u00e4r ansvarig f\u00f6r programmet. Jag har \u00e4ndrat bed\u00f6mningen. \u00a0<\/p>\n<p>\u2013 Vi hade absolut felbed\u00f6mt hur allm\u00e4nt k\u00e4nt det h\u00e4r \u00e4r. Jag hade bilden av att det h\u00e4r var en v\u00e4ldigt k\u00e4nd och etablerad grej, och det var en d\u00e5lig bed\u00f6mning. Nu vill jag minimera eventuell publicitetsskada innan programmet g\u00e5tt ut till bred publik.\u00a0<\/p>\n<p>\u201dFr\u00e5gan \u00e4r fri \u2013 i rummet\u201d<\/p>\n<p>Enligt Franz uppstod h\u00e4r en krock mellan programid\u00e9n och SVT:s publicistiska ansvar.\u00a0<\/p>\n<p>\u2013 Reportrarna g\u00f6r sin egen gedigna research och v\u00e4ljer sina fr\u00e5gor \u2013 och fr\u00e5gan \u00e4r verkligen fri i rummet. Men nu blev det en fr\u00e5ga om en namnpublicering och eventuell skada av den, och d\u00e5 \u00e4r det en egen journalistisk bed\u00f6mning.\u00a0<\/p>\n<p>\u2013 Inspelningarna \u00e4r uppemot tre timmar l\u00e5nga och det \u00e4r ett halvtimmesprogram, s\u00e5 det \u00e4r en riktig mangling och allt kommer inte med.<\/p>\n<p>Programmets projektledare Hordokht Moravejzadeh motiverade tidigare beslutet att ha med fr\u00e5gan s\u00e5 h\u00e4r:\u00a0<\/p>\n<p>\u2013 Ja, det \u00e4r ju reportrarna som var nyfikna och ville st\u00e4lla fr\u00e5gorna. Vi ans\u00e5g i alla fall att det var s\u00e5 pass viktigt att reporterna f\u00e5r st\u00e4lla sina fr\u00e5gor rakt ut. Ofiltrerat. S\u00e5 att vi tog beslutet att de fick s\u00e4ga namnet. Jag tror de flesta kan googla sig till det annars.\u00a0<\/p>\n<p><strong>L\u00c4S MER: <\/strong><a href=\"https:\/\/www.expressen.se\/noje\/pernilla-wahlgren-stalld-av-fragan-i-svts-fragan-ar-fri\/\" class=\"\" rel=\"nofollow noopener\" target=\"_blank\">Pernilla Wahlgren st\u00e4lld av fr\u00e5gan i SVT:s \u201dFr\u00e5gan \u00e4r fri\u201d<\/a><\/p>\n","protected":false},"excerpt":{"rendered":"Publicerad 3 dec 2025 kl 20.48Uppdaterad kl 21.09 Pernilla Wahlgren, 57, fick en fr\u00e5ga om en brottsd\u00f6md anh\u00f6rig&hellip;\n","protected":false},"author":2,"featured_media":96497,"comment_status":"","ping_status":"","sticky":false,"template":"","format":"standard","meta":{"footnotes":""},"categories":[5],"tags":[22,23,26,27,17,21,24,25,28,29,15,16,361,357,18,34,31,33,32,30,19,310,20],"class_list":{"0":"post-96496","1":"post","2":"type-post","3":"status-publish","4":"format-standard","5":"has-post-thumbnail","7":"category-rubriker","8":"tag-breaking-news","9":"tag-breakingnews","10":"tag-featured-news","11":"tag-featurednews","12":"tag-headlines","13":"tag-huvudnyheter","14":"tag-latest-news","15":"tag-latestnews","16":"tag-main-news","17":"tag-mainnews","18":"tag-news","19":"tag-nyheter","20":"tag-organization-svt","21":"tag-person-pernilla-wahlgren","22":"tag-rubriker","23":"tag-se","24":"tag-svenska","25":"tag-sverige","26":"tag-sweden","27":"tag-swedish","28":"tag-top-stories","29":"tag-topic-kandisar","30":"tag-topstories"},"share_on_mastodon":{"url":"https:\/\/pubeurope.com\/@se\/115658462587793817","error":""},"_links":{"self":[{"href":"https:\/\/www.europesays.com\/se\/wp-json\/wp\/v2\/posts\/96496","targetHints":{"allow":["GET"]}}],"collection":[{"href":"https:\/\/www.europesays.com\/se\/wp-json\/wp\/v2\/posts"}],"about":[{"href":"https:\/\/www.europesays.com\/se\/wp-json\/wp\/v2\/types\/post"}],"author":[{"embeddable":true,"href":"https:\/\/www.europesays.com\/se\/wp-json\/wp\/v2\/users\/2"}],"replies":[{"embeddable":true,"href":"https:\/\/www.europesays.com\/se\/wp-json\/wp\/v2\/comments?post=96496"}],"version-history":[{"count":0,"href":"https:\/\/www.europesays.com\/se\/wp-json\/wp\/v2\/posts\/96496\/revisions"}],"wp:featuredmedia":[{"embeddable":true,"href":"https:\/\/www.europesays.com\/se\/wp-json\/wp\/v2\/media\/96497"}],"wp:attachment":[{"href":"https:\/\/www.europesays.com\/se\/wp-json\/wp\/v2\/media?parent=96496"}],"wp:term":[{"taxonomy":"category","embeddable":true,"href":"https:\/\/www.europesays.com\/se\/wp-json\/wp\/v2\/categories?post=96496"},{"taxonomy":"post_tag","embeddable":true,"href":"https:\/\/www.europesays.com\/se\/wp-json\/wp\/v2\/tags?post=96496"}],"curies":[{"name":"wp","href":"https:\/\/api.w.org\/{rel}","templated":true}]}}