{"id":96521,"date":"2025-12-04T01:46:09","date_gmt":"2025-12-04T01:46:09","guid":{"rendered":"https:\/\/www.europesays.com\/se\/96521\/"},"modified":"2025-12-04T01:46:09","modified_gmt":"2025-12-04T01:46:09","slug":"meta-har-borjat-sparra-unga-i-australien","status":"publish","type":"post","link":"https:\/\/www.europesays.com\/se\/96521\/","title":{"rendered":"Meta har b\u00f6rjat sp\u00e4rra unga i Australien"},"content":{"rendered":"<p>Den 10 december tr\u00e4der den australiska lagen, som tvingar sociala medier att st\u00e4nga ute personer under 16 \u00e5r, i kraft. Med en vecka kvar har Meta b\u00f6rjat sp\u00e4rra konton.<\/p>\n<p>Den amerikanska j\u00e4tten s\u00e4ger att man kommer att anpassa sig helt efter den nya lagstiftningen, i flera steg. F\u00f6retaget uttrycker dock att man vill att \u00e5ldersverifieringen ska ligga p\u00e5 appbutikerna snarare \u00e4n plattformarna.<\/p>\n","protected":false},"excerpt":{"rendered":"Den 10 december tr\u00e4der den australiska lagen, som tvingar sociala medier att st\u00e4nga ute personer under 16 \u00e5r,&hellip;\n","protected":false},"author":2,"featured_media":96522,"comment_status":"","ping_status":"","sticky":false,"template":"","format":"standard","meta":{"footnotes":""},"categories":[65],"tags":[72,70,71,34,31,33,32,30],"class_list":{"0":"post-96521","1":"post","2":"type-post","3":"status-publish","4":"format-standard","5":"has-post-thumbnail","7":"category-ekonomi","8":"tag-business","9":"tag-economy","10":"tag-ekonomi","11":"tag-se","12":"tag-svenska","13":"tag-sverige","14":"tag-sweden","15":"tag-swedish"},"share_on_mastodon":{"url":"https:\/\/pubeurope.com\/@se\/115658777178566585","error":""},"_links":{"self":[{"href":"https:\/\/www.europesays.com\/se\/wp-json\/wp\/v2\/posts\/96521","targetHints":{"allow":["GET"]}}],"collection":[{"href":"https:\/\/www.europesays.com\/se\/wp-json\/wp\/v2\/posts"}],"about":[{"href":"https:\/\/www.europesays.com\/se\/wp-json\/wp\/v2\/types\/post"}],"author":[{"embeddable":true,"href":"https:\/\/www.europesays.com\/se\/wp-json\/wp\/v2\/users\/2"}],"replies":[{"embeddable":true,"href":"https:\/\/www.europesays.com\/se\/wp-json\/wp\/v2\/comments?post=96521"}],"version-history":[{"count":0,"href":"https:\/\/www.europesays.com\/se\/wp-json\/wp\/v2\/posts\/96521\/revisions"}],"wp:featuredmedia":[{"embeddable":true,"href":"https:\/\/www.europesays.com\/se\/wp-json\/wp\/v2\/media\/96522"}],"wp:attachment":[{"href":"https:\/\/www.europesays.com\/se\/wp-json\/wp\/v2\/media?parent=96521"}],"wp:term":[{"taxonomy":"category","embeddable":true,"href":"https:\/\/www.europesays.com\/se\/wp-json\/wp\/v2\/categories?post=96521"},{"taxonomy":"post_tag","embeddable":true,"href":"https:\/\/www.europesays.com\/se\/wp-json\/wp\/v2\/tags?post=96521"}],"curies":[{"name":"wp","href":"https:\/\/api.w.org\/{rel}","templated":true}]}}