{"id":96528,"date":"2025-12-04T02:32:11","date_gmt":"2025-12-04T02:32:11","guid":{"rendered":"https:\/\/www.europesays.com\/se\/96528\/"},"modified":"2025-12-04T02:32:11","modified_gmt":"2025-12-04T02:32:11","slug":"ingen-persson-i-mello-svekfulla-karlar","status":"publish","type":"post","link":"https:\/\/www.europesays.com\/se\/96528\/","title":{"rendered":"Ingen Persson i Mello: \u201dSvekfulla karlar\u201d"},"content":{"rendered":"<p>Hollywoodfrun Gunilla Persson fanns inte med n\u00e4r alla t\u00e4vlande i Melodifestivalen avsl\u00f6jades. Men hon hade g\u00e4rna t\u00e4vlat \u00e4ven i \u00e5r. I ett inl\u00e4gg p\u00e5 Instagram riktar hon kritik mot att hennes inskickade bidrag inte f\u00e5r chansen, skriver Expressen.<\/p>\n<p>\u201dTotal tystnad fr\u00e5n Mello, ingen kommunikation alls. Svekfulla karlar och korrumperade business associates, inget betyder n\u00e5got.\u201d<\/p>\n<p>Enligt Melodifestivalens projektledare Anders Wistbacka har dock alla som skickat in l\u00e5tar via t\u00e4vlingens system f\u00e5tt \u00e5terkoppling. <\/p>\n<p>Omni \u00e4r politiskt obundna och oberoende. Vi str\u00e4var efter att ge fler perspektiv p\u00e5 nyheterna. Har du fr\u00e5gor eller synpunkter kring v\u00e5r rapportering? <a href=\"https:\/\/omni.se\/ingen-persson-i-mello-svekfulla-karlar\/a\/mailto:redaktion@omni.se\" class=\"ArticleActions_contactLink__W2F1M\" rel=\"nofollow noopener\" target=\"_blank\">Kontakta redaktionen<\/a><\/p>\n","protected":false},"excerpt":{"rendered":"Hollywoodfrun Gunilla Persson fanns inte med n\u00e4r alla t\u00e4vlande i Melodifestivalen avsl\u00f6jades. Men hon hade g\u00e4rna t\u00e4vlat \u00e4ven&hellip;\n","protected":false},"author":2,"featured_media":96529,"comment_status":"","ping_status":"","sticky":false,"template":"","format":"standard","meta":{"footnotes":""},"categories":[67],"tags":[104,4980,172,34,31,33,32,30,105],"class_list":{"0":"post-96528","1":"post","2":"type-post","3":"status-publish","4":"format-standard","5":"has-post-thumbnail","7":"category-underhallning","8":"tag-entertainment","9":"tag-gunilla-persson","10":"tag-musik","11":"tag-se","12":"tag-svenska","13":"tag-sverige","14":"tag-sweden","15":"tag-swedish","16":"tag-underhallning"},"share_on_mastodon":{"url":"https:\/\/pubeurope.com\/@se\/115658957995364907","error":""},"_links":{"self":[{"href":"https:\/\/www.europesays.com\/se\/wp-json\/wp\/v2\/posts\/96528","targetHints":{"allow":["GET"]}}],"collection":[{"href":"https:\/\/www.europesays.com\/se\/wp-json\/wp\/v2\/posts"}],"about":[{"href":"https:\/\/www.europesays.com\/se\/wp-json\/wp\/v2\/types\/post"}],"author":[{"embeddable":true,"href":"https:\/\/www.europesays.com\/se\/wp-json\/wp\/v2\/users\/2"}],"replies":[{"embeddable":true,"href":"https:\/\/www.europesays.com\/se\/wp-json\/wp\/v2\/comments?post=96528"}],"version-history":[{"count":0,"href":"https:\/\/www.europesays.com\/se\/wp-json\/wp\/v2\/posts\/96528\/revisions"}],"wp:featuredmedia":[{"embeddable":true,"href":"https:\/\/www.europesays.com\/se\/wp-json\/wp\/v2\/media\/96529"}],"wp:attachment":[{"href":"https:\/\/www.europesays.com\/se\/wp-json\/wp\/v2\/media?parent=96528"}],"wp:term":[{"taxonomy":"category","embeddable":true,"href":"https:\/\/www.europesays.com\/se\/wp-json\/wp\/v2\/categories?post=96528"},{"taxonomy":"post_tag","embeddable":true,"href":"https:\/\/www.europesays.com\/se\/wp-json\/wp\/v2\/tags?post=96528"}],"curies":[{"name":"wp","href":"https:\/\/api.w.org\/{rel}","templated":true}]}}