{"id":96532,"date":"2025-12-04T02:58:15","date_gmt":"2025-12-04T02:58:15","guid":{"rendered":"https:\/\/www.europesays.com\/se\/96532\/"},"modified":"2025-12-04T02:58:15","modified_gmt":"2025-12-04T02:58:15","slug":"energipolitik-utan-rattvisa-intrangsvillkor-hotar-sverige","status":"publish","type":"post","link":"https:\/\/www.europesays.com\/se\/96532\/","title":{"rendered":"Energipolitik utan r\u00e4ttvisa intr\u00e5ngsvillkor hotar Sverige"},"content":{"rendered":"<p>Det h\u00e4r \u00e4r en debattartikel. Skribenten svarar sj\u00e4lv f\u00f6r sina \u00e5sikter och slutsatser.<\/p>\n<p>Regeringens beslut om Nybroledningen har v\u00e4ckt oro hos n\u00e4rmare tusen mark\u00e4gare i Kalmar och Blekinge. F\u00f6r oss handlar det inte om en teknisk fr\u00e5ga p\u00e5 avst\u00e5nd, utan om konkreta ingrepp i vardagen \u2013 ekonomiskt, k\u00e4nslom\u00e4ssigt och i m\u00f6jligheten att bruka mark som ofta g\u00e5tt i arv i generationer. N\u00e4r staten inte lyssnar v\u00e4xer k\u00e4nslan av helger\u00e5n.<\/p>\n<p>Sm\u00e5land \u00e4r en bygd d\u00e4r t\u00e5lamod och arbete pr\u00e4glat m\u00e4nniskors liv. Men historien, inte minst Dackeupproret, p\u00e5minner om vad som sker n\u00e4r staten tappar kontakten med dem den ber\u00f6r. Ingen vill ha konflikt, men f\u00f6rtroende kr\u00e4ver att staten lyssnar. Det g\u00e4ller skogsbruk, jordbruk, jakt, vattenkraft \u2013 och intr\u00e5ng i allm\u00e4nhet. I \u00f6ver tolv \u00e5r har mark\u00e4gare lagt fram alternativ och varnat f\u00f6r brister. \u00c4nd\u00e5 har samr\u00e5den ofta upplevts som formalia utan verkligt inflytande. Att Energimarknadsinspektionen n\u00e4stan helt f\u00f6rlitat sig p\u00e5 Svenska kraftn\u00e4ts egna uppgifter har ytterligare urholkat r\u00e4ttss\u00e4kerheten. En tillsynsmyndighet m\u00e5ste vara oberoende \u2013 annars uppst\u00e5r just den misstro vi nu ser.<\/p>\n<p>Som kristdemokrat oroas jag djupt. N\u00e4rhetsprincipen kr\u00e4ver att beslut fattas n\u00e4ra m\u00e4nniskors verklighet. Men processen visar p\u00e5 ett system som fj\u00e4rmat sig fr\u00e5n denna princip. Att Svenska kraftn\u00e4ts generaldirekt\u00f6r nyligen l\u00e4mnat sin post \u00e4r kanske ingen slump.<\/p>\n<p>Frustrationen \u00f6ver ers\u00e4ttningsfr\u00e5gan v\u00e4xer ocks\u00e5. Utredningen som ska ge mark\u00e4gare mer r\u00e4ttvisa intr\u00e5ngsers\u00e4ttningar \u00e4r f\u00e4rdig men fortfarande inte presenterad. Varje dag den h\u00e5lls tillbaka \u00f6kar k\u00e4nslan av att staten tar mark\u00e4garnas situation p\u00e5 f\u00f6r lite allvar. Hur kan statliga och utl\u00e4ndska elbolag till\u00e5tas g\u00f6ra miljardvinster och h\u00f6ja eln\u00e4tsavgifter, medan de som uppl\u00e5ter sin mark f\u00f6r distribution nekas sk\u00e4lig ers\u00e4ttning och \u00e5rligt arrende? N\u00e4r en stor del av elen dessutom ska exporteras m\u00e5ste proportionaliteten i intr\u00e5nget pr\u00f6vas.<\/p>\n<p>Regeringen har tagit viktiga steg: st\u00e4rkt tillsynen mot orimliga eln\u00e4tsavgifter, pressat ned elpriser, s\u00e4nkt skatter, inf\u00f6rt skydd mot extrema niv\u00e5er och \u00e5terupptagit k\u00e4rnkraftsutbyggnaden. Men \u00e4ven r\u00e4tt politik m\u00e5ste genomf\u00f6ras p\u00e5 r\u00e4tt s\u00e4tt \u2013 och processen kring Nybroledningen visar att mycket beh\u00f6ver f\u00f6rb\u00e4ttras.<br \/>Sm\u00e5l\u00e4nningar har i generationer kr\u00e4vt r\u00e4ttvisa och rimlighet. Vi vill inte ha konflikt, vi vill ha en stat som lyssnar, l\u00e4r och korrigerar sina misstag. N\u00e4r intr\u00e5ngsprocesser brister, ers\u00e4ttningen \u00e4r orimlig och utredningar h\u00e5lls tillbaka \u00e4r det inte mark\u00e4garna som sviker staten \u2013 det \u00e4r staten som sviker mark\u00e4garna.<br \/>Kristdemokraterna \u00e4r lika mycket ett landsbygdsparti som ett sjukv\u00e5rdsparti. D\u00e4rf\u00f6r beh\u00f6vs nu ett rej\u00e4lt \u201dEbba-pl\u00e5ster\u201d f\u00f6r att \u00e5teruppr\u00e4tta f\u00f6rtroendet:<\/p>\n<ul>\n<li>L\u00e4gg fram ers\u00e4ttningsutredningen.<\/li>\n<li>S\u00e4kerst\u00e4ll verkligt inflytande i samr\u00e5dsprocesser.<\/li>\n<li>Visa att staten st\u00e5r p\u00e5 de ber\u00f6rdas sida \u2013 inte bara den breda allm\u00e4nhetens.<\/li>\n<\/ul>\n<p>F\u00f6rst d\u00e4refter kan stad och land h\u00e5llas samman och Sverige byggas starkt och r\u00e4ttvist f\u00f6r framtiden.<\/p>\n<p><strong>Carl-Wiktor Svensson (KD)<\/strong><\/p>\n<p><strong>Riksdagskandidat Kalmar l\u00e4n<\/strong><\/p>\n<p>\u00a0<\/p>\n","protected":false},"excerpt":{"rendered":"Det h\u00e4r \u00e4r en debattartikel. Skribenten svarar sj\u00e4lv f\u00f6r sina \u00e5sikter och slutsatser. Regeringens beslut om Nybroledningen har&hellip;\n","protected":false},"author":2,"featured_media":96533,"comment_status":"","ping_status":"","sticky":false,"template":"","format":"standard","meta":{"footnotes":""},"categories":[65],"tags":[72,70,71,34,31,33,32,30],"class_list":{"0":"post-96532","1":"post","2":"type-post","3":"status-publish","4":"format-standard","5":"has-post-thumbnail","7":"category-ekonomi","8":"tag-business","9":"tag-economy","10":"tag-ekonomi","11":"tag-se","12":"tag-svenska","13":"tag-sverige","14":"tag-sweden","15":"tag-swedish"},"share_on_mastodon":{"url":"https:\/\/pubeurope.com\/@se\/115659060233631290","error":""},"_links":{"self":[{"href":"https:\/\/www.europesays.com\/se\/wp-json\/wp\/v2\/posts\/96532","targetHints":{"allow":["GET"]}}],"collection":[{"href":"https:\/\/www.europesays.com\/se\/wp-json\/wp\/v2\/posts"}],"about":[{"href":"https:\/\/www.europesays.com\/se\/wp-json\/wp\/v2\/types\/post"}],"author":[{"embeddable":true,"href":"https:\/\/www.europesays.com\/se\/wp-json\/wp\/v2\/users\/2"}],"replies":[{"embeddable":true,"href":"https:\/\/www.europesays.com\/se\/wp-json\/wp\/v2\/comments?post=96532"}],"version-history":[{"count":0,"href":"https:\/\/www.europesays.com\/se\/wp-json\/wp\/v2\/posts\/96532\/revisions"}],"wp:featuredmedia":[{"embeddable":true,"href":"https:\/\/www.europesays.com\/se\/wp-json\/wp\/v2\/media\/96533"}],"wp:attachment":[{"href":"https:\/\/www.europesays.com\/se\/wp-json\/wp\/v2\/media?parent=96532"}],"wp:term":[{"taxonomy":"category","embeddable":true,"href":"https:\/\/www.europesays.com\/se\/wp-json\/wp\/v2\/categories?post=96532"},{"taxonomy":"post_tag","embeddable":true,"href":"https:\/\/www.europesays.com\/se\/wp-json\/wp\/v2\/tags?post=96532"}],"curies":[{"name":"wp","href":"https:\/\/api.w.org\/{rel}","templated":true}]}}