{"id":96536,"date":"2025-12-04T03:02:16","date_gmt":"2025-12-04T03:02:16","guid":{"rendered":"https:\/\/www.europesays.com\/se\/96536\/"},"modified":"2025-12-04T03:02:16","modified_gmt":"2025-12-04T03:02:16","slug":"valbehandlad-hiv-smittar-inte-orebronyheter","status":"publish","type":"post","link":"https:\/\/www.europesays.com\/se\/96536\/","title":{"rendered":"V\u00e4lbehandlad hiv smittar inte \u2013 \u00d6rebronyheter"},"content":{"rendered":"<p>\t\t\t\t\t\t\t\t<img width=\"300\" height=\"336\" src=\"https:\/\/www.europesays.com\/se\/wp-content\/uploads\/2025\/12\/hiv-300x336.jpg\" class=\"attachment-post-thumb size-post-thumb wp-post-image\" alt=\"\" decoding=\"async\" fetchpriority=\"high\"  \/>\t\t\t\t\t\t\t\t\t\t\t\t\t\t\t\t\tGenrebild<\/p>\n<p><strong>I Sverige \u00e4r hiv en kronisk sjukdom som, n\u00e4r den \u00e4r v\u00e4lbehandlad, varken f\u00f6rkortar livet eller \u00f6verf\u00f6rs vid sex. I dag lever ungef\u00e4r 8 000 personer med hiv i Sverige, och varje \u00e5r nydiagnostiseras cirka 300 personer. En del av dessa har blivit smittade i Sverige, medan en del har blivit smittade i annat land.<\/strong><\/p>\n<p>I dag \u00e4r inte hiv vad det var tidigare. Nuf\u00f6rtiden kan en v\u00e4linst\u00e4lld l\u00e4kemedelsbehandling g\u00f6ra att virusniv\u00e5erna \u00e4r s\u00e5 l\u00e5ga, att det inte finns n\u00e5gon risk f\u00f6r smitta vid till exempel oskyddat sex. De personer som lever med hiv, kan leva ett lika l\u00e5ngt liv som en person utan hiv. Det \u00e4r d\u00e4rf\u00f6r v\u00e4ldigt viktigt att f\u00e5 vetskap om sin hiv-smitta s\u00e5 att behandling kan s\u00e4ttas in.<\/p>\n<p>\u2014 Det enda s\u00e4ttet att f\u00e5 vetskap om en b\u00e4r p\u00e5 hiv \u00e4r att testa sig, s\u00e5 om du har utsatt dig f\u00f6r risken att bli smittad \u00e4r det klokt att testa dig, till exempel om du har haft oskyddat sex med en ny sexpartner. Om du vill testa dig f\u00f6r hiv kan du v\u00e4nda dig till din v\u00e5rdcentral, STI-mottagningen eller om du \u00e4r 22 \u00e5r eller yngre kan du g\u00e5 till ungdomsmottagningen, s\u00e4ger Anna Hedin, infektionsl\u00e4kare inom Region \u00d6rebro l\u00e4n.<\/p>\n<p>Det finns fortfarande ett stigma kring hiv vilket kan leda till att personer avst\u00e5r fr\u00e5n att testa sig p\u00e5 grund av r\u00e4dsla. Men genom att \u00f6ka kunskapen om hiv, kan man med gemensamma krafter sl\u00e5 h\u00e5l p\u00e5 myter och f\u00f6rdomar.<\/p>\n<p>B\u00e4sta s\u00e4ttet att skydda sig mot hiv \u00e4r att anv\u00e4nda barri\u00e4rskydd, s\u00e5 som kondom eller femidom i samband med sex.<\/p>\n<p><strong>H\u00e4lsa | \u00d6rebro\/L\u00e4net<\/strong><br \/><strong>\u00d6rebronyheter<\/strong><\/p>\n<p>K\u00e4lla: L\u00e4nsstyrelsen \u00d6rebro l\u00e4n<\/p>\n","protected":false},"excerpt":{"rendered":"Genrebild I Sverige \u00e4r hiv en kronisk sjukdom som, n\u00e4r den \u00e4r v\u00e4lbehandlad, varken f\u00f6rkortar livet eller \u00f6verf\u00f6rs&hellip;\n","protected":false},"author":2,"featured_media":96537,"comment_status":"","ping_status":"","sticky":false,"template":"","format":"standard","meta":{"footnotes":""},"categories":[69],"tags":[113,112,34,31,33,32,30],"class_list":{"0":"post-96536","1":"post","2":"type-post","3":"status-publish","4":"format-standard","5":"has-post-thumbnail","7":"category-halsa","8":"tag-halsa","9":"tag-health","10":"tag-se","11":"tag-svenska","12":"tag-sverige","13":"tag-sweden","14":"tag-swedish"},"share_on_mastodon":{"url":"https:\/\/pubeurope.com\/@se\/115659076072715443","error":""},"_links":{"self":[{"href":"https:\/\/www.europesays.com\/se\/wp-json\/wp\/v2\/posts\/96536","targetHints":{"allow":["GET"]}}],"collection":[{"href":"https:\/\/www.europesays.com\/se\/wp-json\/wp\/v2\/posts"}],"about":[{"href":"https:\/\/www.europesays.com\/se\/wp-json\/wp\/v2\/types\/post"}],"author":[{"embeddable":true,"href":"https:\/\/www.europesays.com\/se\/wp-json\/wp\/v2\/users\/2"}],"replies":[{"embeddable":true,"href":"https:\/\/www.europesays.com\/se\/wp-json\/wp\/v2\/comments?post=96536"}],"version-history":[{"count":0,"href":"https:\/\/www.europesays.com\/se\/wp-json\/wp\/v2\/posts\/96536\/revisions"}],"wp:featuredmedia":[{"embeddable":true,"href":"https:\/\/www.europesays.com\/se\/wp-json\/wp\/v2\/media\/96537"}],"wp:attachment":[{"href":"https:\/\/www.europesays.com\/se\/wp-json\/wp\/v2\/media?parent=96536"}],"wp:term":[{"taxonomy":"category","embeddable":true,"href":"https:\/\/www.europesays.com\/se\/wp-json\/wp\/v2\/categories?post=96536"},{"taxonomy":"post_tag","embeddable":true,"href":"https:\/\/www.europesays.com\/se\/wp-json\/wp\/v2\/tags?post=96536"}],"curies":[{"name":"wp","href":"https:\/\/api.w.org\/{rel}","templated":true}]}}