{"id":96538,"date":"2025-12-04T03:06:40","date_gmt":"2025-12-04T03:06:40","guid":{"rendered":"https:\/\/www.europesays.com\/se\/96538\/"},"modified":"2025-12-04T03:06:40","modified_gmt":"2025-12-04T03:06:40","slug":"nya-regler-kring-skolval-och-skolbyte-fran-2026","status":"publish","type":"post","link":"https:\/\/www.europesays.com\/se\/96538\/","title":{"rendered":"Nya regler kring skolval och skolbyte fr\u00e5n 2026"},"content":{"rendered":"<p class=\"font-normal\">Reglerna omfattar inte skolplacering i resursskola, anpassad grundskola eller klasser med profilinriktning som har egen antagning.<\/p>\n<p class=\"font-normal\">\u2013 Region Gotland till\u00e4mpar fritt skolval. V\u00e5rdnadshavares \u00f6nskem\u00e5l och n\u00e4rhetsprincipen utg\u00f6r grunden f\u00f6r hur Region Gotland skolplacerar barn och elever. Nya riktlinjen inneh\u00e5ller ett antal turordningsregler f\u00f6r att skapa r\u00e4ttvisa och likv\u00e4rdighet, exempelvis n\u00e4r antalet s\u00f6kande \u00f6verstiger antalet platser, s\u00e4ger Hanna Thunholm som \u00e4r grundskolechef i Region Gotland.<\/p>\n<p class=\"font-normal\">Prioriterade \u00e4r elever med sekretessmarkering eller skyddad folkbokf\u00f6ring. D\u00e4refter ska h\u00e4nsyn tas till barn som har behov av skolskjuts, syskonf\u00f6rtur, avst\u00e5nd till \u00f6nskad skola (relativ n\u00e4rhet) och i sista hand kan lottning bli aktuellt att till\u00e4mpa om antalet s\u00f6kande \u00e4r fler \u00e4n platser till \u00f6nskad skola. Alla elever har r\u00e4tt att bli placerade i en skola n\u00e4ra hemmet.<\/p>\n<p class=\"font-normal\">Upptagningsomr\u00e5den f\u00f6rsvinner och k\u00f6tid \u00e4r inte l\u00e4ngre en urvalsgrund.<strong> <\/strong>Nytt \u00e4r ocks\u00e5 att<strong> <\/strong>Region Gotland inf\u00f6r s\u00e4rskilda skolbytesperioder. En annan f\u00f6r\u00e4ndring \u00e4r att skolplaceringarna kommer att hanteras centralt av utbildnings- och arbetslivsf\u00f6rvaltningen och inte av enskilda skolor.<\/p>\n<p class=\"font-normal\">Ett arbete p\u00e5g\u00e5r med att s\u00e4tta ett tak f\u00f6r mottagandet p\u00e5 varje skola \u2013 i praktiken handlar det om att s\u00e4tta en gr\u00e4ns f\u00f6r hur m\u00e5nga elever varje skola kan ta emot utifr\u00e5n bland annat planeringen av undervisning, lokaler och skolpersonal.<\/p>\n","protected":false},"excerpt":{"rendered":"Reglerna omfattar inte skolplacering i resursskola, anpassad grundskola eller klasser med profilinriktning som har egen antagning. \u2013 Region&hellip;\n","protected":false},"author":2,"featured_media":96539,"comment_status":"","ping_status":"","sticky":false,"template":"","format":"standard","meta":{"footnotes":""},"categories":[65],"tags":[72,70,71,34,31,33,32,30],"class_list":{"0":"post-96538","1":"post","2":"type-post","3":"status-publish","4":"format-standard","5":"has-post-thumbnail","7":"category-ekonomi","8":"tag-business","9":"tag-economy","10":"tag-ekonomi","11":"tag-se","12":"tag-svenska","13":"tag-sverige","14":"tag-sweden","15":"tag-swedish"},"share_on_mastodon":{"url":"https:\/\/pubeurope.com\/@se\/115659091697952774","error":""},"_links":{"self":[{"href":"https:\/\/www.europesays.com\/se\/wp-json\/wp\/v2\/posts\/96538","targetHints":{"allow":["GET"]}}],"collection":[{"href":"https:\/\/www.europesays.com\/se\/wp-json\/wp\/v2\/posts"}],"about":[{"href":"https:\/\/www.europesays.com\/se\/wp-json\/wp\/v2\/types\/post"}],"author":[{"embeddable":true,"href":"https:\/\/www.europesays.com\/se\/wp-json\/wp\/v2\/users\/2"}],"replies":[{"embeddable":true,"href":"https:\/\/www.europesays.com\/se\/wp-json\/wp\/v2\/comments?post=96538"}],"version-history":[{"count":0,"href":"https:\/\/www.europesays.com\/se\/wp-json\/wp\/v2\/posts\/96538\/revisions"}],"wp:featuredmedia":[{"embeddable":true,"href":"https:\/\/www.europesays.com\/se\/wp-json\/wp\/v2\/media\/96539"}],"wp:attachment":[{"href":"https:\/\/www.europesays.com\/se\/wp-json\/wp\/v2\/media?parent=96538"}],"wp:term":[{"taxonomy":"category","embeddable":true,"href":"https:\/\/www.europesays.com\/se\/wp-json\/wp\/v2\/categories?post=96538"},{"taxonomy":"post_tag","embeddable":true,"href":"https:\/\/www.europesays.com\/se\/wp-json\/wp\/v2\/tags?post=96538"}],"curies":[{"name":"wp","href":"https:\/\/api.w.org\/{rel}","templated":true}]}}