{"id":96546,"date":"2025-12-04T04:10:17","date_gmt":"2025-12-04T04:10:17","guid":{"rendered":"https:\/\/www.europesays.com\/se\/96546\/"},"modified":"2025-12-04T04:10:17","modified_gmt":"2025-12-04T04:10:17","slug":"sondagen-blev-historisk-slog-alla-tiders-e-handelsrekord","status":"publish","type":"post","link":"https:\/\/www.europesays.com\/se\/96546\/","title":{"rendered":"S\u00f6ndagen blev historisk \u2013 slog alla tiders e-handelsrekord"},"content":{"rendered":"<p>Mio meddelar idag att b\u00e5de oktober och november summeras som rekordm\u00e5nader f\u00f6r kedjan. Under november uppgick den totala f\u00f6rs\u00e4ljningen till 684 miljoner kronor.<\/p>\n<p>S\u00e4rskilt utm\u00e4rkande \u00e4r tillv\u00e4xten i den digitala kanalen. Enligt bolaget har Mio.se noterat sin h\u00f6gsta f\u00f6rs\u00e4ljning n\u00e5gonsin f\u00f6r en enskild m\u00e5nad. Trycket var som st\u00f6rst under avslutningen av Black Week, d\u00e4r s\u00f6ndagen blev den f\u00f6rs\u00e4ljningsm\u00e4ssigt starkaste dagen i e-handelns historia.<\/p>\n<p><strong>L\u00c4S \u00c4VEN: <a href=\"https:\/\/www.ehandel.se\/sondagskvallen-blev-e-handelns-peak-saldes-for-2-miljoner-i-minuten\" rel=\"nofollow noopener\" target=\"_blank\">S\u00f6ndagskv\u00e4llen blev e-handelns peak<\/a><\/strong><\/p>\n<p>Den 18 november rapporterade Ehandel.se om omfattande driftst\u00f6rningar hos Cloudflare, vilket slog ut n\u00e4ra <a href=\"https:\/\/www.ehandel.se\/nara-20-procent-av-sveriges-storsta-e-handlare-nere-en-kritisk-tid\" rel=\"nofollow noopener\" target=\"_blank\">20 procent av Sveriges st\u00f6rsta e-handelssajter<\/a>. Mio rapporterades vara en av de akt\u00f6rer som d\u00e5 l\u00e5g nere. Detta stoppade uppenbarligen inte bolaget fr\u00e5n att leverera rekordsiffror f\u00f6r perioden.<\/p>\n<p>Omnikanal och expansion<\/p>\n<p>Vd:n Bj\u00f6rn Lindblad menar att framg\u00e5ngen \u00e4r ett kvitto p\u00e5 att strategin att v\u00e4va samman fysisk och digital handel fungerar.<\/p>\n<blockquote>\n<p>Vi ser resultatet av ett starkt omnifokus d\u00e4r alla v\u00e5ra f\u00f6rs\u00e4ljningskanaler samverkar f\u00f6r att g\u00f6ra det enkelt f\u00f6r kunden att handla d\u00e4r det passar dem b\u00e4st, s\u00e4ger Bj\u00f6rn Lindblad i en kommentar.<\/p>\n<\/blockquote>\n<p>Tillv\u00e4xtresan sker parallellt med en fortsatt fysisk expansion. S\u00e5 sent som den 21 november kunde Ehandel.se avsl\u00f6ja att <a href=\"https:\/\/www.ehandel.se\/mobeljatten-koper-upp-konkurrent-sarskilt-intressant\" rel=\"nofollow noopener\" target=\"_blank\">Mio f\u00f6rv\u00e4rvar M\u00f6belm\u00e4starna<\/a>. Det \u00e4r en strategisk satsning som bland annat syftar till att n\u00e5 den norska gr\u00e4nshandeln, med planerad ny\u00f6ppning under v\u00e5ren 2026.<\/p>\n<p>Bolaget uppger nu att man g\u00e5r in i december med m\u00e5ls\u00e4ttningen att avsluta \u00e5ret starkt.<\/p>\n","protected":false},"excerpt":{"rendered":"Mio meddelar idag att b\u00e5de oktober och november summeras som rekordm\u00e5nader f\u00f6r kedjan. Under november uppgick den totala&hellip;\n","protected":false},"author":2,"featured_media":96547,"comment_status":"","ping_status":"","sticky":false,"template":"","format":"standard","meta":{"footnotes":""},"categories":[65],"tags":[6647,9266,72,70,2263,71,11358,11359,34,31,33,32,30],"class_list":{"0":"post-96546","1":"post","2":"type-post","3":"status-publish","4":"format-standard","5":"has-post-thumbnail","7":"category-ekonomi","8":"tag-black-friday","9":"tag-black-week","10":"tag-business","11":"tag-economy","12":"tag-ehandel-se-nyhetsbrev","13":"tag-ekonomi","14":"tag-mio","15":"tag-orderrekord","16":"tag-se","17":"tag-svenska","18":"tag-sverige","19":"tag-sweden","20":"tag-swedish"},"share_on_mastodon":{"url":"https:\/\/pubeurope.com\/@se\/115659343346907189","error":""},"_links":{"self":[{"href":"https:\/\/www.europesays.com\/se\/wp-json\/wp\/v2\/posts\/96546","targetHints":{"allow":["GET"]}}],"collection":[{"href":"https:\/\/www.europesays.com\/se\/wp-json\/wp\/v2\/posts"}],"about":[{"href":"https:\/\/www.europesays.com\/se\/wp-json\/wp\/v2\/types\/post"}],"author":[{"embeddable":true,"href":"https:\/\/www.europesays.com\/se\/wp-json\/wp\/v2\/users\/2"}],"replies":[{"embeddable":true,"href":"https:\/\/www.europesays.com\/se\/wp-json\/wp\/v2\/comments?post=96546"}],"version-history":[{"count":0,"href":"https:\/\/www.europesays.com\/se\/wp-json\/wp\/v2\/posts\/96546\/revisions"}],"wp:featuredmedia":[{"embeddable":true,"href":"https:\/\/www.europesays.com\/se\/wp-json\/wp\/v2\/media\/96547"}],"wp:attachment":[{"href":"https:\/\/www.europesays.com\/se\/wp-json\/wp\/v2\/media?parent=96546"}],"wp:term":[{"taxonomy":"category","embeddable":true,"href":"https:\/\/www.europesays.com\/se\/wp-json\/wp\/v2\/categories?post=96546"},{"taxonomy":"post_tag","embeddable":true,"href":"https:\/\/www.europesays.com\/se\/wp-json\/wp\/v2\/tags?post=96546"}],"curies":[{"name":"wp","href":"https:\/\/api.w.org\/{rel}","templated":true}]}}