{"id":96548,"date":"2025-12-04T04:18:14","date_gmt":"2025-12-04T04:18:14","guid":{"rendered":"https:\/\/www.europesays.com\/se\/96548\/"},"modified":"2025-12-04T04:18:14","modified_gmt":"2025-12-04T04:18:14","slug":"stort-aktieintresse-bland-unga-hog-riskaptit","status":"publish","type":"post","link":"https:\/\/www.europesays.com\/se\/96548\/","title":{"rendered":"Stort aktieintresse bland unga: \u201dH\u00f6g riskaptit\u201d"},"content":{"rendered":"<p>Ekonomiintresset bland unga v\u00e4xer, samtidigt som s\u00e5 kallade finfluencers f\u00e5r allt st\u00f6rre genomslag i sociala medier. Det rapporterar Privata Aff\u00e4rer med h\u00e4nvisning till Ungdomsbarometern och FI.<\/p>\n<p>\u2013 Nu har vi en stor grupp unga som vuxit upp under nollr\u00e4nte\u00e5r, med aktier och b\u00f6rser som har rusat. De kommer in i vuxenlivet med h\u00f6g riskaptit, s\u00e4ger Niklas Laninge, sparpsykolog p\u00e5 Opti.<\/p>\n<p>I h\u00f6stas varnade FI f\u00f6r betydande risker, d\u00e5 m\u00e5nga unga litar p\u00e5 investeringsr\u00e5d fr\u00e5n Instagram-profiler.<\/p>\n<p>Omni \u00e4r politiskt obundna och oberoende. Vi str\u00e4var efter att ge fler perspektiv p\u00e5 nyheterna. Har du fr\u00e5gor eller synpunkter kring v\u00e5r rapportering? <a href=\"https:\/\/omni.se\/stort-aktieintresse-bland-unga-hog-riskaptit\/a\/mailto:redaktion@omni.se\" class=\"ArticleActions_contactLink__W2F1M\" rel=\"nofollow noopener\" target=\"_blank\">Kontakta redaktionen<\/a><\/p>\n","protected":false},"excerpt":{"rendered":"Ekonomiintresset bland unga v\u00e4xer, samtidigt som s\u00e5 kallade finfluencers f\u00e5r allt st\u00f6rre genomslag i sociala medier. Det rapporterar&hellip;\n","protected":false},"author":2,"featured_media":96549,"comment_status":"","ping_status":"","sticky":false,"template":"","format":"standard","meta":{"footnotes":""},"categories":[65],"tags":[72,70,71,5613,34,636,31,33,32,30],"class_list":{"0":"post-96548","1":"post","2":"type-post","3":"status-publish","4":"format-standard","5":"has-post-thumbnail","7":"category-ekonomi","8":"tag-business","9":"tag-economy","10":"tag-ekonomi","11":"tag-finansinspektionen","12":"tag-se","13":"tag-sociala-medier","14":"tag-svenska","15":"tag-sverige","16":"tag-sweden","17":"tag-swedish"},"share_on_mastodon":{"url":"https:\/\/pubeurope.com\/@se\/115659374801346512","error":""},"_links":{"self":[{"href":"https:\/\/www.europesays.com\/se\/wp-json\/wp\/v2\/posts\/96548","targetHints":{"allow":["GET"]}}],"collection":[{"href":"https:\/\/www.europesays.com\/se\/wp-json\/wp\/v2\/posts"}],"about":[{"href":"https:\/\/www.europesays.com\/se\/wp-json\/wp\/v2\/types\/post"}],"author":[{"embeddable":true,"href":"https:\/\/www.europesays.com\/se\/wp-json\/wp\/v2\/users\/2"}],"replies":[{"embeddable":true,"href":"https:\/\/www.europesays.com\/se\/wp-json\/wp\/v2\/comments?post=96548"}],"version-history":[{"count":0,"href":"https:\/\/www.europesays.com\/se\/wp-json\/wp\/v2\/posts\/96548\/revisions"}],"wp:featuredmedia":[{"embeddable":true,"href":"https:\/\/www.europesays.com\/se\/wp-json\/wp\/v2\/media\/96549"}],"wp:attachment":[{"href":"https:\/\/www.europesays.com\/se\/wp-json\/wp\/v2\/media?parent=96548"}],"wp:term":[{"taxonomy":"category","embeddable":true,"href":"https:\/\/www.europesays.com\/se\/wp-json\/wp\/v2\/categories?post=96548"},{"taxonomy":"post_tag","embeddable":true,"href":"https:\/\/www.europesays.com\/se\/wp-json\/wp\/v2\/tags?post=96548"}],"curies":[{"name":"wp","href":"https:\/\/api.w.org\/{rel}","templated":true}]}}