{"id":96584,"date":"2025-12-04T05:09:36","date_gmt":"2025-12-04T05:09:36","guid":{"rendered":"https:\/\/www.europesays.com\/se\/96584\/"},"modified":"2025-12-04T05:09:36","modified_gmt":"2025-12-04T05:09:36","slug":"kokrekommendation-infors-som-forsiktighetsatgard-i-visbyomradet","status":"publish","type":"post","link":"https:\/\/www.europesays.com\/se\/96584\/","title":{"rendered":"Kok\u00adrekommenda\u00adtion inf\u00f6rs som f\u00f6rsiktighets\u00ad\u00e5tg\u00e4rd i Visbyomr\u00e5det"},"content":{"rendered":"<p class=\"font-normal\">Vid provtagning den 28 november uppt\u00e4cktes h\u00f6ga halter av organismer i dricksvattnet i en fastighet. Fynden omfattar bland annat copepoder, sm\u00e5 kr\u00e4ftdjur som normalt f\u00f6rekommer i dricksvatten i l\u00e4gre niv\u00e5er.<\/p>\n<p class=\"font-normal\">Region Gotland ut\u00f6kade d\u00e5 provtagningarna och den 2 december kunde VA-avdelningen konstatera att det \u00e4r en \u00f6kning av organismen i Visbyomr\u00e5det. Proverna visar att det inte f\u00f6rekommer virus eller bakterier i vattnet.<\/p>\n<p class=\"font-normal\">Region Gotland bed\u00f6mer att f\u00f6rekomsten av organismer just nu \u00e4r f\u00f6r h\u00f6g f\u00f6r att n\u00e5 upp till Livsmedelsverkets krav p\u00e5 kvalitet. D\u00e4rf\u00f6r inf\u00f6rs nu f\u00f6rsiktighets\u00e5tg\u00e4rder: <\/p>\n<ul class=\" sol-bullet-list font-normal\">\n<li>Kokrekommendation f\u00f6r abonnenter anslutna till det kommunala dricksvattnet i omr\u00e5det.<\/li>\n<li>Samh\u00e4llsviktiga verksamheter, som \u00e4r aktuella f\u00f6r n\u00f6dvattenf\u00f6rs\u00f6rjning, kommer att f\u00e5 information.<\/li>\n<\/ul>\n<p>F\u00f6rsiktighets\u00e5tg\u00e4rderna g\u00e4ller under tiden orsaken utreds<\/p>\n<p class=\"font-normal\">Kokrekommendationen g\u00e4ller tills Region Gotland har utrett och f\u00e5tt en tydligare l\u00e4gesbild. Informationen om l\u00e4get kommer att uppdateras l\u00f6pande p\u00e5 gotland.se.<\/p>\n<p class=\"font-normal\">\u2013 Vi tar det h\u00e4r p\u00e5 st\u00f6rsta allvar och utreder orsaken till varf\u00f6r niv\u00e5erna har \u00f6kat. Det finns alltid organismer i v\u00e5rt dricksvatten, men en s\u00e5dan h\u00e4r avvikelse kr\u00e4ver \u00e5tg\u00e4rder. Vi f\u00f6rst\u00e5r att det skapar besv\u00e4r f\u00f6r v\u00e5ra abonnenter, och hoppas p\u00e5 f\u00f6rst\u00e5else f\u00f6r f\u00f6rsiktighets\u00e5tg\u00e4rderna, s\u00e4ger Susanne Bjergeg\u00e5rd Pettersson, avdelningschef p\u00e5 VA-avdelningen vid Region Gotland.<\/p>\n<p class=\"font-normal\">Ber\u00f6rda hush\u00e5ll rekommenderas att koka allt vatten som anv\u00e4nds till dryck, matlagning och tandborstning. Vattnet ska koka upp s\u00e5 att det bubblar kraftigt i minst en minut.<\/p>\n<p>Mer information<\/p>\n","protected":false},"excerpt":{"rendered":"Vid provtagning den 28 november uppt\u00e4cktes h\u00f6ga halter av organismer i dricksvattnet i en fastighet. Fynden omfattar bland&hellip;\n","protected":false},"author":2,"featured_media":96585,"comment_status":"","ping_status":"","sticky":false,"template":"","format":"standard","meta":{"footnotes":""},"categories":[12],"tags":[22,23,26,27,17,21,24,25,28,29,15,16,18,34,31,33,32,30,19,20],"class_list":{"0":"post-96584","1":"post","2":"type-post","3":"status-publish","4":"format-standard","5":"has-post-thumbnail","7":"category-sverige","8":"tag-breaking-news","9":"tag-breakingnews","10":"tag-featured-news","11":"tag-featurednews","12":"tag-headlines","13":"tag-huvudnyheter","14":"tag-latest-news","15":"tag-latestnews","16":"tag-main-news","17":"tag-mainnews","18":"tag-news","19":"tag-nyheter","20":"tag-rubriker","21":"tag-se","22":"tag-svenska","23":"tag-sverige","24":"tag-sweden","25":"tag-swedish","26":"tag-top-stories","27":"tag-topstories"},"share_on_mastodon":{"url":"https:\/\/pubeurope.com\/@se\/115659575425271198","error":""},"_links":{"self":[{"href":"https:\/\/www.europesays.com\/se\/wp-json\/wp\/v2\/posts\/96584","targetHints":{"allow":["GET"]}}],"collection":[{"href":"https:\/\/www.europesays.com\/se\/wp-json\/wp\/v2\/posts"}],"about":[{"href":"https:\/\/www.europesays.com\/se\/wp-json\/wp\/v2\/types\/post"}],"author":[{"embeddable":true,"href":"https:\/\/www.europesays.com\/se\/wp-json\/wp\/v2\/users\/2"}],"replies":[{"embeddable":true,"href":"https:\/\/www.europesays.com\/se\/wp-json\/wp\/v2\/comments?post=96584"}],"version-history":[{"count":0,"href":"https:\/\/www.europesays.com\/se\/wp-json\/wp\/v2\/posts\/96584\/revisions"}],"wp:featuredmedia":[{"embeddable":true,"href":"https:\/\/www.europesays.com\/se\/wp-json\/wp\/v2\/media\/96585"}],"wp:attachment":[{"href":"https:\/\/www.europesays.com\/se\/wp-json\/wp\/v2\/media?parent=96584"}],"wp:term":[{"taxonomy":"category","embeddable":true,"href":"https:\/\/www.europesays.com\/se\/wp-json\/wp\/v2\/categories?post=96584"},{"taxonomy":"post_tag","embeddable":true,"href":"https:\/\/www.europesays.com\/se\/wp-json\/wp\/v2\/tags?post=96584"}],"curies":[{"name":"wp","href":"https:\/\/api.w.org\/{rel}","templated":true}]}}