{"id":96588,"date":"2025-12-04T05:11:09","date_gmt":"2025-12-04T05:11:09","guid":{"rendered":"https:\/\/www.europesays.com\/se\/96588\/"},"modified":"2025-12-04T05:11:09","modified_gmt":"2025-12-04T05:11:09","slug":"lyckad-kamp-mot-livmoderhalscancer","status":"publish","type":"post","link":"https:\/\/www.europesays.com\/se\/96588\/","title":{"rendered":"Lyckad kamp mot livmoderhalscancer"},"content":{"rendered":"<p>Fallen av livmoderhalscancer har minskat med 56 procent bland kvinnor under 40 de senaste tio \u00e5ren. En framg\u00e5ngssaga enligt Cancerfondens generalsekreterare Ulrika \u00c5rehed K\u00e5gstr\u00f6m.<\/p>\n<p>\u2013 Det \u00e4r otroligt gl\u00e4djande siffror men nu beh\u00f6ver vi l\u00e4gga in sista v\u00e4xeln f\u00f6r att lyckas med att utrota livmoderhalscancer, s\u00e4ger hon.<\/p>\n<p><strong>Livmoderhalscancer utvecklas<\/strong> n\u00e4stan uteslutande efter infektion med humant papillomvirus (HPV). I dag erbjuds alla femteklassare &#8211; b\u00e5de pojkar och flickor &#8211; vaccin mot viruset. Detta, tillsammans med screeningprogram, ligger bakom minskningen som framkommer i statistik fr\u00e5n Socialstyrelsen. Kvinnor som regelbundet testar sig f\u00f6r att se om de har viruset, s\u00e4nker risken f\u00f6r att drabbas av livmoderhalscancer med cirka 90 procent.<\/p>\n<p>\u2013 Omkring tv\u00e5 tredjedelar av alla kvinnor som drabbas av livmoderhalscancer i dag har inte deltagit i screeningunders\u00f6kningar. Sjukdomen g\u00e5r att behandla och tidig uppt\u00e4ckt \u00e4r v\u00e4ldigt viktigt, s\u00e4ger Ulrika \u00c5rehed K\u00e5gstr\u00f6m.<\/p>\n<p>          <img decoding=\"async\" class=\"picture__img\" src=\"https:\/\/www.europesays.com\/se\/wp-content\/uploads\/2025\/12\/e572c7e3-4533-4dd3-b6cd-af83ba0ec52d.jpeg\"   alt=\"Cancerfondens generalsekreterare Ulrika \u00c5rehed K\u00e5gstr\u00f6m.\"\/><\/p>\n<p>      Cancerfondens generalsekreterare Ulrika \u00c5rehed K\u00e5gstr\u00f6m.<\/p>\n<p>      Foto: Klas Sj\u00f6berg<\/p>\n<p><strong>Testerna kan g\u00f6ras<\/strong> hos en barnmorska eller hemma genom ett kit med sj\u00e4lvprovtagning som skickas hem i brevl\u00e5dan. Hemtester har visat sig ha flera f\u00f6rdelar. \u00a0Bland annat f\u00e5ngar de upp fler kvinnor och \u00e4r dessutom \u00e4r mer kostnadseffektiva.<\/p>\n<p>I dag \u00e4r det enligt Cancerfonden bara omkring en tredjedel av Sveriges regioner som erbjuder hemtester som prim\u00e4r metod, vilket de ser som problematiskt.<\/p>\n<p>\u2013 I teorin g\u00e5r det att skicka ut hemtest med ett enkelt knapptryck, men att boka en halv miljon barnmorsketider tar flera \u00e5r att genomf\u00f6ra. Nu beh\u00f6ver regeringen ta ett nationellt ansvar f\u00f6r att alla regioner ska erbjuda m\u00f6jligheten, s\u00e4ger Ulrika \u00c5rehed K\u00e5gstr\u00f6m.<\/p>\n<p>F\u00f6rutom livmoderhalscancer kan HPV \u00f6ka risken f\u00f6r bland annat penis- och anuscancer samt cancer i mun och svalg.<\/p>\n","protected":false},"excerpt":{"rendered":"Fallen av livmoderhalscancer har minskat med 56 procent bland kvinnor under 40 de senaste tio \u00e5ren. En framg\u00e5ngssaga&hellip;\n","protected":false},"author":2,"featured_media":96589,"comment_status":"","ping_status":"","sticky":false,"template":"","format":"standard","meta":{"footnotes":""},"categories":[69],"tags":[113,112,34,31,33,32,30],"class_list":{"0":"post-96588","1":"post","2":"type-post","3":"status-publish","4":"format-standard","5":"has-post-thumbnail","7":"category-halsa","8":"tag-halsa","9":"tag-health","10":"tag-se","11":"tag-svenska","12":"tag-sverige","13":"tag-sweden","14":"tag-swedish"},"share_on_mastodon":{"url":"https:\/\/pubeurope.com\/@se\/115659583419055575","error":""},"_links":{"self":[{"href":"https:\/\/www.europesays.com\/se\/wp-json\/wp\/v2\/posts\/96588","targetHints":{"allow":["GET"]}}],"collection":[{"href":"https:\/\/www.europesays.com\/se\/wp-json\/wp\/v2\/posts"}],"about":[{"href":"https:\/\/www.europesays.com\/se\/wp-json\/wp\/v2\/types\/post"}],"author":[{"embeddable":true,"href":"https:\/\/www.europesays.com\/se\/wp-json\/wp\/v2\/users\/2"}],"replies":[{"embeddable":true,"href":"https:\/\/www.europesays.com\/se\/wp-json\/wp\/v2\/comments?post=96588"}],"version-history":[{"count":0,"href":"https:\/\/www.europesays.com\/se\/wp-json\/wp\/v2\/posts\/96588\/revisions"}],"wp:featuredmedia":[{"embeddable":true,"href":"https:\/\/www.europesays.com\/se\/wp-json\/wp\/v2\/media\/96589"}],"wp:attachment":[{"href":"https:\/\/www.europesays.com\/se\/wp-json\/wp\/v2\/media?parent=96588"}],"wp:term":[{"taxonomy":"category","embeddable":true,"href":"https:\/\/www.europesays.com\/se\/wp-json\/wp\/v2\/categories?post=96588"},{"taxonomy":"post_tag","embeddable":true,"href":"https:\/\/www.europesays.com\/se\/wp-json\/wp\/v2\/tags?post=96588"}],"curies":[{"name":"wp","href":"https:\/\/api.w.org\/{rel}","templated":true}]}}