{"id":96615,"date":"2025-12-04T05:41:14","date_gmt":"2025-12-04T05:41:14","guid":{"rendered":"https:\/\/www.europesays.com\/se\/96615\/"},"modified":"2025-12-04T05:41:14","modified_gmt":"2025-12-04T05:41:14","slug":"putin-aker-till-indien-ska-lobba-for-oljeexport","status":"publish","type":"post","link":"https:\/\/www.europesays.com\/se\/96615\/","title":{"rendered":"Putin \u00e5ker till Indien: Ska lobba f\u00f6r oljeexport"},"content":{"rendered":"<p>Rysslands president Vladimir Putin inleder p\u00e5 torsdag ett tv\u00e5 dagar l\u00e5ngt bes\u00f6k i Indien. Putin vill \u00f6ka f\u00f6rs\u00e4ljningen av olja, missilsystem och stridsflygplan i ett f\u00f6rs\u00f6k att \u00e5teruppliva handeln med New Delhi efter USA:s p\u00e5tryckningar, rapporterar Reuters. <\/p>\n<p>Putin f\u00f6ljs av sin f\u00f6rsvarsminister Andrej Belousov och en bred delegation fr\u00e5n n\u00e4ringslivet. Enligt nyhetsbyr\u00e5ns k\u00e4llor oroar sig indiska tj\u00e4nstem\u00e4n att nya avtal med Ryssland kan utl\u00f6sa en reaktion fr\u00e5n Donald Trump, som i augusti f\u00f6rdubblade tullarna p\u00e5 indiska varor som ett straff f\u00f6r New Delhis k\u00f6p av just rysk r\u00e5olja. <\/p>\n<p>New Delhi har blivit en av Moskvas st\u00f6rsta k\u00f6pare av olja efter Rysslands invasion av Ukraina. <\/p>\n<p>Omni \u00e4r politiskt obundna och oberoende. Vi str\u00e4var efter att ge fler perspektiv p\u00e5 nyheterna. Har du fr\u00e5gor eller synpunkter kring v\u00e5r rapportering? <a href=\"https:\/\/omni.se\/putin-aker-till-indien-ska-lobba-for-mer-oljeexport\/a\/mailto:redaktion@omni.se\" class=\"ArticleActions_contactLink__W2F1M\" rel=\"nofollow noopener\" target=\"_blank\">Kontakta redaktionen<\/a><\/p>\n","protected":false},"excerpt":{"rendered":"Rysslands president Vladimir Putin inleder p\u00e5 torsdag ett tv\u00e5 dagar l\u00e5ngt bes\u00f6k i Indien. Putin vill \u00f6ka f\u00f6rs\u00e4ljningen&hellip;\n","protected":false},"author":2,"featured_media":96616,"comment_status":"","ping_status":"","sticky":false,"template":"","format":"standard","meta":{"footnotes":""},"categories":[14],"tags":[11364,22,23,385,291,26,27,17,21,24,25,28,29,11365,15,16,18,11363,34,31,33,32,30,19,20,51,261,52,53,54],"class_list":{"0":"post-96615","1":"post","2":"type-post","3":"status-publish","4":"format-standard","5":"has-post-thumbnail","7":"category-varlden","8":"tag-andrej-belousov","9":"tag-breaking-news","10":"tag-breakingnews","11":"tag-donald-trump","12":"tag-energi-ravaror","13":"tag-featured-news","14":"tag-featurednews","15":"tag-headlines","16":"tag-huvudnyheter","17":"tag-latest-news","18":"tag-latestnews","19":"tag-main-news","20":"tag-mainnews","21":"tag-new-delhi","22":"tag-news","23":"tag-nyheter","24":"tag-rubriker","25":"tag-rysslands-invasion-av-ukraina","26":"tag-se","27":"tag-svenska","28":"tag-sverige","29":"tag-sweden","30":"tag-swedish","31":"tag-top-stories","32":"tag-topstories","33":"tag-varlden","34":"tag-vladimir-putin","35":"tag-world","36":"tag-world-news","37":"tag-worldnews"},"share_on_mastodon":{"url":"https:\/\/pubeurope.com\/@se\/115659701140635086","error":""},"_links":{"self":[{"href":"https:\/\/www.europesays.com\/se\/wp-json\/wp\/v2\/posts\/96615","targetHints":{"allow":["GET"]}}],"collection":[{"href":"https:\/\/www.europesays.com\/se\/wp-json\/wp\/v2\/posts"}],"about":[{"href":"https:\/\/www.europesays.com\/se\/wp-json\/wp\/v2\/types\/post"}],"author":[{"embeddable":true,"href":"https:\/\/www.europesays.com\/se\/wp-json\/wp\/v2\/users\/2"}],"replies":[{"embeddable":true,"href":"https:\/\/www.europesays.com\/se\/wp-json\/wp\/v2\/comments?post=96615"}],"version-history":[{"count":0,"href":"https:\/\/www.europesays.com\/se\/wp-json\/wp\/v2\/posts\/96615\/revisions"}],"wp:featuredmedia":[{"embeddable":true,"href":"https:\/\/www.europesays.com\/se\/wp-json\/wp\/v2\/media\/96616"}],"wp:attachment":[{"href":"https:\/\/www.europesays.com\/se\/wp-json\/wp\/v2\/media?parent=96615"}],"wp:term":[{"taxonomy":"category","embeddable":true,"href":"https:\/\/www.europesays.com\/se\/wp-json\/wp\/v2\/categories?post=96615"},{"taxonomy":"post_tag","embeddable":true,"href":"https:\/\/www.europesays.com\/se\/wp-json\/wp\/v2\/tags?post=96615"}],"curies":[{"name":"wp","href":"https:\/\/api.w.org\/{rel}","templated":true}]}}