{"id":96617,"date":"2025-12-04T05:43:20","date_gmt":"2025-12-04T05:43:20","guid":{"rendered":"https:\/\/www.europesays.com\/se\/96617\/"},"modified":"2025-12-04T05:43:20","modified_gmt":"2025-12-04T05:43:20","slug":"elev-anhallen-misstanks-for-hot-pa-skola-i-taby","status":"publish","type":"post","link":"https:\/\/www.europesays.com\/se\/96617\/","title":{"rendered":"Elev anh\u00e5llen \u2013 misst\u00e4nks f\u00f6r hot p\u00e5 skola i T\u00e4by"},"content":{"rendered":"<p>Den utpekade eleven h\u00e4mtades till f\u00f6rh\u00f6r under onsdagen och greps d\u00e4refter. Den misst\u00e4nkte anh\u00f6lls senare under natten av \u00e5klagare.<\/p>\n<p>Polisen uppger att man tar h\u00e4ndelsen p\u00e5 st\u00f6rsta allvar och att man h\u00e5llit f\u00f6rh\u00f6r med bland annat elever och skolpersonal f\u00f6r att f\u00e5 en klar bild. Man f\u00f6r en l\u00f6pande dialog med f\u00f6retr\u00e4dare f\u00f6r kommunen.<\/p>\n<p>Polisen har uppr\u00e4ttat en f\u00f6runders\u00f6kning och brottsrubriceringen \u00e4r grovt olaga hot mot grupp.<\/p>\n","protected":false},"excerpt":{"rendered":"Den utpekade eleven h\u00e4mtades till f\u00f6rh\u00f6r under onsdagen och greps d\u00e4refter. Den misst\u00e4nkte anh\u00f6lls senare under natten av&hellip;\n","protected":false},"author":2,"featured_media":793,"comment_status":"","ping_status":"","sticky":false,"template":"","format":"standard","meta":{"footnotes":""},"categories":[5],"tags":[22,23,26,27,17,21,24,25,28,29,15,16,18,34,31,33,32,30,19,20],"class_list":{"0":"post-96617","1":"post","2":"type-post","3":"status-publish","4":"format-standard","5":"has-post-thumbnail","7":"category-rubriker","8":"tag-breaking-news","9":"tag-breakingnews","10":"tag-featured-news","11":"tag-featurednews","12":"tag-headlines","13":"tag-huvudnyheter","14":"tag-latest-news","15":"tag-latestnews","16":"tag-main-news","17":"tag-mainnews","18":"tag-news","19":"tag-nyheter","20":"tag-rubriker","21":"tag-se","22":"tag-svenska","23":"tag-sverige","24":"tag-sweden","25":"tag-swedish","26":"tag-top-stories","27":"tag-topstories"},"share_on_mastodon":{"url":"https:\/\/pubeurope.com\/@se\/115659709012042067","error":""},"_links":{"self":[{"href":"https:\/\/www.europesays.com\/se\/wp-json\/wp\/v2\/posts\/96617","targetHints":{"allow":["GET"]}}],"collection":[{"href":"https:\/\/www.europesays.com\/se\/wp-json\/wp\/v2\/posts"}],"about":[{"href":"https:\/\/www.europesays.com\/se\/wp-json\/wp\/v2\/types\/post"}],"author":[{"embeddable":true,"href":"https:\/\/www.europesays.com\/se\/wp-json\/wp\/v2\/users\/2"}],"replies":[{"embeddable":true,"href":"https:\/\/www.europesays.com\/se\/wp-json\/wp\/v2\/comments?post=96617"}],"version-history":[{"count":0,"href":"https:\/\/www.europesays.com\/se\/wp-json\/wp\/v2\/posts\/96617\/revisions"}],"wp:featuredmedia":[{"embeddable":true,"href":"https:\/\/www.europesays.com\/se\/wp-json\/wp\/v2\/media\/793"}],"wp:attachment":[{"href":"https:\/\/www.europesays.com\/se\/wp-json\/wp\/v2\/media?parent=96617"}],"wp:term":[{"taxonomy":"category","embeddable":true,"href":"https:\/\/www.europesays.com\/se\/wp-json\/wp\/v2\/categories?post=96617"},{"taxonomy":"post_tag","embeddable":true,"href":"https:\/\/www.europesays.com\/se\/wp-json\/wp\/v2\/tags?post=96617"}],"curies":[{"name":"wp","href":"https:\/\/api.w.org\/{rel}","templated":true}]}}