{"id":96618,"date":"2025-12-04T05:46:07","date_gmt":"2025-12-04T05:46:07","guid":{"rendered":"https:\/\/www.europesays.com\/se\/96618\/"},"modified":"2025-12-04T05:46:07","modified_gmt":"2025-12-04T05:46:07","slug":"bilderna-inifran-dominika-peczynskis-nya-lagenhet","status":"publish","type":"post","link":"https:\/\/www.europesays.com\/se\/96618\/","title":{"rendered":"Bilderna inifr\u00e5n Dominika Peczynskis nya l\u00e4genhet"},"content":{"rendered":"<p>Publicerad 4 dec 2025 kl 06.30<\/p>\n<p>Dominika Peczynski har satt sin egen touch p\u00e5 sitt nya boende.\u00a0<\/p>\n<p>P\u00e5 Instagram delar hon med sig av bilder inifr\u00e5n lyxl\u00e4genheten i Stockholm.\u00a0<\/p>\n<p>\u201dDet \u00e4r ett j\u00e4kla jobb, men ett k\u00e4rt besv\u00e4r, att skapa ett helt hem fr\u00e5n scratch\u201d, skriver hon.\u00a0<\/p>\n<p><img loading=\"lazy\"   alt=\"\"\/> <\/p>\n<p>Foto: CORNELIA NORDSTR\u00d6M<\/p>\n<p>\u00d6ppna bild i helsk\u00e4rm<img loading=\"lazy\"   alt=\"\"\/>\u00d6ppna bild i helsk\u00e4rm<\/p>\n<p>I b\u00f6rjan av \u00e5ret blev <a href=\"https:\/\/www.expressen.se\/tagg\/person\/dominika-peczynski\/\" class=\"\" rel=\"nofollow noopener\" target=\"_blank\">Dominika Peczynski<\/a> och Anders Borg s\u00e4rbos efter att de s\u00e5lt sin 225 kvadratmeter stora sekelskiftesv\u00e5ning i centrala Stockholm.\u00a0<\/p>\n<p>Kort d\u00e4refter meddelade Peczynski att hon investerat i ett nytt hem \u2013\u00a0med en enorm prislapp.\u00a0<\/p>\n<p>\u201dTjugotalsklassicism p\u00e5 121 kvm i Vasastan. Flyttar in i b\u00f6rjan av maj och kan knappt b\u00e4rga mig innan jag f\u00e5r b\u00f6rja inreda\u201d, skrev hon p\u00e5 Instagram.\u00a0<\/p>\n<p>Det nya hemmet betalade hon hela 11,2 miljoner kronor f\u00f6r och nu visar hon upp bilder fr\u00e5n den p\u00e5kostade l\u00e4genheten.\u00a0<\/p>\n<p>P\u00e5 Instagram delar hon med sig av bilder fr\u00e5n olika rum.\u00a0<\/p>\n<p>\u201dDen h\u00e4r l\u00e4genheten b\u00f6rjar ju bli riktigt fotogenisk, f\u00e5r man v\u00e4l s\u00e4ga. S\u00e4rskilt med julpyntet framme\u201d, skriver Peczynski till ett bildspel.\u00a0<\/p>\n<p><img loading=\"lazy\"   alt=\"\"\/><\/p>\n<p>P\u00e5 Instagram delar Dominika Peczynski med sig av bilder fr\u00e5n l\u00e4genheten.<\/p>\n<p>Foto: Instagram<\/p>\n<p>\u00d6ppna bild i helsk\u00e4rm<img loading=\"lazy\"   alt=\"\"\/><\/p>\n<p>Hon har f\u00e5tt nya tapeter, platsbyggda m\u00f6bler och nya gardiner.<\/p>\n<p>Foto: Instagram<\/p>\n<p>\u00d6ppna bild i helsk\u00e4rm<\/p>\n<p>\u201dDet \u00e4r ett j\u00e4kla jobb, men ett k\u00e4rt besv\u00e4r, att skapa ett helt hem fr\u00e5n scratch. Utan att h\u00e5lla igen. Precis s\u00e5 som man vill ha det ner i minsta detalj\u201d, skriver hon vidare.\u00a0<\/p>\n<p>I texten framg\u00e5r att hon f\u00e5tt nya tapeter, ny f\u00e4rg p\u00e5 v\u00e4ggarna, platsbyggda m\u00f6bler och gardiner. Hon kallar stilen f\u00f6r \u201dmaximalistisk\u201d.\u00a0<\/p>\n<p><img loading=\"lazy\"   alt=\"\"\/><\/p>\n<p>Hon beskriver stilen som \u201dmaximalistisk\u201d.<\/p>\n<p>Foto: Instagram<\/p>\n<p>\u00d6ppna bild i helsk\u00e4rm<img loading=\"lazy\"   alt=\"\"\/><\/p>\n<p>F\u00e4rgglada tapeter pryder v\u00e4ggarna.<\/p>\n<p>Foto: Instagram<\/p>\n<p>\u00d6ppna bild i helsk\u00e4rm<img loading=\"lazy\"   alt=\"\"\/><\/p>\n<p>L\u00e4genheten kostade henne 11,2 miljoner kronor.<\/p>\n<p>Foto: Instagram<\/p>\n<p>\u00d6ppna bild i helsk\u00e4rm<\/p>\n","protected":false},"excerpt":{"rendered":"Publicerad 4 dec 2025 kl 06.30 Dominika Peczynski har satt sin egen touch p\u00e5 sitt nya boende.\u00a0 P\u00e5&hellip;\n","protected":false},"author":2,"featured_media":96619,"comment_status":"","ping_status":"","sticky":false,"template":"","format":"standard","meta":{"footnotes":""},"categories":[67],"tags":[104,3737,1905,34,31,33,32,30,310,105],"class_list":{"0":"post-96618","1":"post","2":"type-post","3":"status-publish","4":"format-standard","5":"has-post-thumbnail","7":"category-underhallning","8":"tag-entertainment","9":"tag-location-vasastan","10":"tag-person-dominika-peczynski","11":"tag-se","12":"tag-svenska","13":"tag-sverige","14":"tag-sweden","15":"tag-swedish","16":"tag-topic-kandisar","17":"tag-underhallning"},"share_on_mastodon":{"url":"https:\/\/pubeurope.com\/@se\/115659720785468978","error":""},"_links":{"self":[{"href":"https:\/\/www.europesays.com\/se\/wp-json\/wp\/v2\/posts\/96618","targetHints":{"allow":["GET"]}}],"collection":[{"href":"https:\/\/www.europesays.com\/se\/wp-json\/wp\/v2\/posts"}],"about":[{"href":"https:\/\/www.europesays.com\/se\/wp-json\/wp\/v2\/types\/post"}],"author":[{"embeddable":true,"href":"https:\/\/www.europesays.com\/se\/wp-json\/wp\/v2\/users\/2"}],"replies":[{"embeddable":true,"href":"https:\/\/www.europesays.com\/se\/wp-json\/wp\/v2\/comments?post=96618"}],"version-history":[{"count":0,"href":"https:\/\/www.europesays.com\/se\/wp-json\/wp\/v2\/posts\/96618\/revisions"}],"wp:featuredmedia":[{"embeddable":true,"href":"https:\/\/www.europesays.com\/se\/wp-json\/wp\/v2\/media\/96619"}],"wp:attachment":[{"href":"https:\/\/www.europesays.com\/se\/wp-json\/wp\/v2\/media?parent=96618"}],"wp:term":[{"taxonomy":"category","embeddable":true,"href":"https:\/\/www.europesays.com\/se\/wp-json\/wp\/v2\/categories?post=96618"},{"taxonomy":"post_tag","embeddable":true,"href":"https:\/\/www.europesays.com\/se\/wp-json\/wp\/v2\/tags?post=96618"}],"curies":[{"name":"wp","href":"https:\/\/api.w.org\/{rel}","templated":true}]}}