{"id":96620,"date":"2025-12-04T05:48:49","date_gmt":"2025-12-04T05:48:49","guid":{"rendered":"https:\/\/www.europesays.com\/se\/96620\/"},"modified":"2025-12-04T05:48:49","modified_gmt":"2025-12-04T05:48:49","slug":"minskad-handel-hos-avanza-och-nordnet-i-november","status":"publish","type":"post","link":"https:\/\/www.europesays.com\/se\/96620\/","title":{"rendered":"Minskad handel hos Avanza och Nordnet i november"},"content":{"rendered":"<p class=\"font-sans text-base text-text-main dark:text-text-main-dark font-normal leading-[1.4]\"> P\u00e5 tisdagen har b\u00f6rsoperat\u00f6ren Nasdaq Nordic sl\u00e4ppt egen statistik som inkluderar de b\u00e5da n\u00e4tm\u00e4klarna.<\/p>\n<p>Avanza minskade sin handel under november till cirka 6,68 miljarder euro, en minskning med 19,1 procent fr\u00e5n cirka 8,26 miljarder euro m\u00e5naden innan. Konkurrenten Nordnet minskade samtidigt med 13,9 procent till 6,39 miljarder euro, fr\u00e5n 7,42 miljarder euro m\u00e5naden innan.<\/p>\n<p>Antalet avslut var n\u00e4ra 3,71 miljoner f\u00f6r Avanza och cirka 2,1 miljoner f\u00f6r Nordnet.<\/p>\n<p>Nasdaqs statistik avser handel i aktier och olika derivat p\u00e5 Nasdaq Nordic, vilket avser b\u00f6rserna i Stockholm, Helsingfors, K\u00f6penhamn och Island.<br class=\"col-start-2\"\/><\/p>\n","protected":false},"excerpt":{"rendered":"P\u00e5 tisdagen har b\u00f6rsoperat\u00f6ren Nasdaq Nordic sl\u00e4ppt egen statistik som inkluderar de b\u00e5da n\u00e4tm\u00e4klarna. Avanza minskade sin handel&hellip;\n","protected":false},"author":2,"featured_media":91133,"comment_status":"","ping_status":"","sticky":false,"template":"","format":"standard","meta":{"footnotes":""},"categories":[65],"tags":[6875,72,70,71,5905,34,31,33,32,30],"class_list":{"0":"post-96620","1":"post","2":"type-post","3":"status-publish","4":"format-standard","5":"has-post-thumbnail","7":"category-ekonomi","8":"tag-avanza-bank-holding","9":"tag-business","10":"tag-economy","11":"tag-ekonomi","12":"tag-nordnet","13":"tag-se","14":"tag-svenska","15":"tag-sverige","16":"tag-sweden","17":"tag-swedish"},"share_on_mastodon":{"url":"https:\/\/pubeurope.com\/@se\/115659732600045871","error":""},"_links":{"self":[{"href":"https:\/\/www.europesays.com\/se\/wp-json\/wp\/v2\/posts\/96620","targetHints":{"allow":["GET"]}}],"collection":[{"href":"https:\/\/www.europesays.com\/se\/wp-json\/wp\/v2\/posts"}],"about":[{"href":"https:\/\/www.europesays.com\/se\/wp-json\/wp\/v2\/types\/post"}],"author":[{"embeddable":true,"href":"https:\/\/www.europesays.com\/se\/wp-json\/wp\/v2\/users\/2"}],"replies":[{"embeddable":true,"href":"https:\/\/www.europesays.com\/se\/wp-json\/wp\/v2\/comments?post=96620"}],"version-history":[{"count":0,"href":"https:\/\/www.europesays.com\/se\/wp-json\/wp\/v2\/posts\/96620\/revisions"}],"wp:featuredmedia":[{"embeddable":true,"href":"https:\/\/www.europesays.com\/se\/wp-json\/wp\/v2\/media\/91133"}],"wp:attachment":[{"href":"https:\/\/www.europesays.com\/se\/wp-json\/wp\/v2\/media?parent=96620"}],"wp:term":[{"taxonomy":"category","embeddable":true,"href":"https:\/\/www.europesays.com\/se\/wp-json\/wp\/v2\/categories?post=96620"},{"taxonomy":"post_tag","embeddable":true,"href":"https:\/\/www.europesays.com\/se\/wp-json\/wp\/v2\/tags?post=96620"}],"curies":[{"name":"wp","href":"https:\/\/api.w.org\/{rel}","templated":true}]}}