{"id":96622,"date":"2025-12-04T05:58:09","date_gmt":"2025-12-04T05:58:09","guid":{"rendered":"https:\/\/www.europesays.com\/se\/96622\/"},"modified":"2025-12-04T05:58:09","modified_gmt":"2025-12-04T05:58:09","slug":"hot-och-vald-i-skolan-okar-elevassistenter-utsatta","status":"publish","type":"post","link":"https:\/\/www.europesays.com\/se\/96622\/","title":{"rendered":"Hot och v\u00e5ld i skolan \u00f6kar \u2013 elevassistenter utsatta"},"content":{"rendered":"<p>Drygt 1\u202f200 anm\u00e4lningar om allvarliga h\u00e4ndelser orsakade av hot och v\u00e5ld i skolan kom in till Arbetsmilj\u00f6verket f\u00f6rra \u00e5ret. Det \u00e4r n\u00e4stan en dubblering j\u00e4mf\u00f6rt med f\u00f6r fem \u00e5r sedan, rapporterar Sveriges Radio Ekot som tagit del av siffror fr\u00e5n Arbetsmilj\u00f6verket.<\/p>\n<p>Enligt Ekot \u00e4r elevassistenter mest utsatta. Radion har pratat med Felicia Sj\u00f6lin som blev misshandlad av en elev n\u00e4r hon arbetade som elevassistent.<\/p>\n<p>\u2013 Jag blev r\u00e4dd, \u00e4ven fast den h\u00e4r m\u00e4nniskan \u00e4r 15.[&#8230;] Kommer han ge sig p\u00e5 mig nu igen? ber\u00e4ttar hon.<\/p>\n<p>Radion rapporterar att man samtidigt ser att antalet sjukskrivningar orsakade av hot och v\u00e5ld \u00f6kat i skolan, och att det \u00e4r vanligast bland just elevassistenter.<\/p>\n<p>Omni \u00e4r politiskt obundna och oberoende. Vi str\u00e4var efter att ge fler perspektiv p\u00e5 nyheterna. Har du fr\u00e5gor eller synpunkter kring v\u00e5r rapportering? <a href=\"https:\/\/omni.se\/hot-och-vald-i-skolan-okar-elevassistenter-utsatta\/a\/mailto:redaktion@omni.se\" class=\"ArticleActions_contactLink__W2F1M\" rel=\"nofollow noopener\" target=\"_blank\">Kontakta redaktionen<\/a><\/p>\n","protected":false},"excerpt":{"rendered":"Drygt 1\u202f200 anm\u00e4lningar om allvarliga h\u00e4ndelser orsakade av hot och v\u00e5ld i skolan kom in till Arbetsmilj\u00f6verket f\u00f6rra&hellip;\n","protected":false},"author":2,"featured_media":96623,"comment_status":"","ping_status":"","sticky":false,"template":"","format":"standard","meta":{"footnotes":""},"categories":[12],"tags":[4679,5581,5209,22,23,26,27,17,21,24,25,28,29,15,16,18,34,982,31,33,32,30,19,20],"class_list":{"0":"post-96622","1":"post","2":"type-post","3":"status-publish","4":"format-standard","5":"has-post-thumbnail","7":"category-sverige","8":"tag-arbetsmiljo","9":"tag-arbetsmiljoverket","10":"tag-av","11":"tag-breaking-news","12":"tag-breakingnews","13":"tag-featured-news","14":"tag-featurednews","15":"tag-headlines","16":"tag-huvudnyheter","17":"tag-latest-news","18":"tag-latestnews","19":"tag-main-news","20":"tag-mainnews","21":"tag-news","22":"tag-nyheter","23":"tag-rubriker","24":"tag-se","25":"tag-skola-utbildning","26":"tag-svenska","27":"tag-sverige","28":"tag-sweden","29":"tag-swedish","30":"tag-top-stories","31":"tag-topstories"},"share_on_mastodon":{"url":"https:\/\/pubeurope.com\/@se\/115659768058537996","error":""},"_links":{"self":[{"href":"https:\/\/www.europesays.com\/se\/wp-json\/wp\/v2\/posts\/96622","targetHints":{"allow":["GET"]}}],"collection":[{"href":"https:\/\/www.europesays.com\/se\/wp-json\/wp\/v2\/posts"}],"about":[{"href":"https:\/\/www.europesays.com\/se\/wp-json\/wp\/v2\/types\/post"}],"author":[{"embeddable":true,"href":"https:\/\/www.europesays.com\/se\/wp-json\/wp\/v2\/users\/2"}],"replies":[{"embeddable":true,"href":"https:\/\/www.europesays.com\/se\/wp-json\/wp\/v2\/comments?post=96622"}],"version-history":[{"count":0,"href":"https:\/\/www.europesays.com\/se\/wp-json\/wp\/v2\/posts\/96622\/revisions"}],"wp:featuredmedia":[{"embeddable":true,"href":"https:\/\/www.europesays.com\/se\/wp-json\/wp\/v2\/media\/96623"}],"wp:attachment":[{"href":"https:\/\/www.europesays.com\/se\/wp-json\/wp\/v2\/media?parent=96622"}],"wp:term":[{"taxonomy":"category","embeddable":true,"href":"https:\/\/www.europesays.com\/se\/wp-json\/wp\/v2\/categories?post=96622"},{"taxonomy":"post_tag","embeddable":true,"href":"https:\/\/www.europesays.com\/se\/wp-json\/wp\/v2\/tags?post=96622"}],"curies":[{"name":"wp","href":"https:\/\/api.w.org\/{rel}","templated":true}]}}