{"id":96628,"date":"2025-12-04T06:06:10","date_gmt":"2025-12-04T06:06:10","guid":{"rendered":"https:\/\/www.europesays.com\/se\/96628\/"},"modified":"2025-12-04T06:06:10","modified_gmt":"2025-12-04T06:06:10","slug":"har-ar-sd-politikern-goranhargestams-hemliga-nazigomma","status":"publish","type":"post","link":"https:\/\/www.europesays.com\/se\/96628\/","title":{"rendered":"H\u00e4r \u00e4r SD-politikern G\u00f6ran\nHargestams hemliga nazig\u00f6mma"},"content":{"rendered":"<p><img loading=\"lazy\"   alt=\"\"\/><\/p>\n<p>En del av SD-riksdagsmannen G\u00f6ran Hargestams nazisamling.<\/p>\n<p>Foto: DAVID BAAS<\/p>\n<p>\u00d6ppna bild i helsk\u00e4rm<img loading=\"lazy\"   alt=\"\"\/><\/p>\n<p>Expressens reporter David Baas tr\u00e4ffar G\u00f6ran Hargestam efter en valupptakt med Jimmie \u00c5kesson.<\/p>\n<p>Foto: LISA MATTISSON<\/p>\n<p>\u00d6ppna bild i helsk\u00e4rmARTIKELN I KORTHET<\/p>\n<p>\u2022 SD-riksdagsmannen G\u00f6ran Hargestam har gl\u00f6mt kvar flyttl\u00e5dor i den kontorsfastighet i Valdemarsvik som han s\u00e5lde f\u00f6rra \u00e5ret. I en av l\u00e5dorna finns hans nazisamling.<\/p>\n<p>\u2022 Bland de nazistiska prylarna finns en pokal med hakkorset, tv\u00e5 exemplar av \u201dMein kampf\u201d och idolbilder p\u00e5 Adolf Hitler.<\/p>\n<p>\u2022 Hargestam f\u00f6rklarar sin samling med att han har haft ett \u201dmilit\u00e4rhistoriskt intresse\u201d.<\/p>\n<p>Visa mer<\/p>\n<p>I en kontorslokal i centrala Valdemarsvik st\u00e5r n\u00e5gra flyttl\u00e5dor och v\u00e4ntar p\u00e5 sin \u00e4gare. L\u00e5dorna tillh\u00f6r riksdagsledamoten G\u00f6ran Hargestam, SD, och de l\u00e4mnades kvar d\u00e4r n\u00e4r han s\u00e5lde fastigheten f\u00f6rra \u00e5ret.\u00a0<\/p>\n<p>Hargestam, som ocks\u00e5 \u00e4r ordf\u00f6rande f\u00f6r SD \u00d6sterg\u00f6tland, anv\u00e4nde fastigheten som kontor. En del av huset hyrdes ut till <a href=\"https:\/\/www.expressen.se\/tagg\/organization\/sverigedemokraterna\/\" class=\"\" rel=\"nofollow noopener\" target=\"_blank\">Sverigedemokraternas<\/a> lokalf\u00f6rening f\u00f6r Valdemarsvik\/Ydre. Tidigare i \u00e5r hamnade SD:s lokalf\u00f6rening p\u00e5 kant med den nye fastighets\u00e4garen, som ville h\u00f6ja deras hyra.<\/p>\n<p><img loading=\"lazy\"   alt=\"\"\/><\/p>\n<p>G\u00f6ran Hargestam \u00e4r riksdagsledamot f\u00f6r SD och \u00e4ven ordf\u00f6rande f\u00f6r SD \u00d6sterg\u00f6tland.<\/p>\n<p>Foto: SVEN LINDWALL<\/p>\n<p>\u00d6ppna bild i helsk\u00e4rm<\/p>\n<p>N\u00e4r Expressen b\u00f6rjade granska den tvisten, som n\u00e5dde Norrk\u00f6pings tingsr\u00e4tt, uppt\u00e4cktes att Hargestam var ombud f\u00f6r kommunf\u00f6reningen. I tvisten fanns ocks\u00e5 k\u00f6pekontraktet fr\u00e5n fastighetsf\u00f6rs\u00e4ljningen bifogat. D\u00e4r framg\u00e5r att s\u00e4ljaren, allts\u00e5 Hargestam, hade ett halv\u00e5r p\u00e5 sig att h\u00e4mta sina saker efter att han \u00f6verl\u00e4mnat nycklarna till lokalen.<\/p>\n<p>Tidigare i \u00e5r, n\u00e4r det sista datumet f\u00f6r Hargestam att h\u00e4mta sina saker passerats med god marginal, uppt\u00e4cktes att riksdagsledamoten l\u00e4mnat kvar n\u00e5gra speciella flyttl\u00e5dor.\u00a0<\/p>\n<p>Pokal med hakkors<\/p>\n<p>Expressen har tagit del av riksdagsmannens kvarl\u00e4mnade saker. Med gummihandskar har vi g\u00e5tt igenom l\u00e5dorna.<\/p>\n<p>D\u00e4r finns gammal post och kvitton i Hargestams namn och partimaterial f\u00f6r SD \u00d6sterg\u00f6tland. D\u00e4r finns ocks\u00e5 en \u201dGive \u00b4em hell\u201d-t-shirt, som anspelar p\u00e5 Jimmie \u00c5kessons budskap till partiet n\u00e4r det valde att f\u00e4lla S-MP-regeringens budget 2014 \u2013 och en kopia p\u00e5 en reser\u00e4kning som Hargestam l\u00e4mnade in till Region \u00d6sterg\u00f6tland efter att han deltagit i m\u00f6ten med regionstyrelsen och regionens revision.<\/p>\n<p><img loading=\"lazy\"   alt=\"\"\/><\/p>\n<p>T-shirt med trycket \u201dGive \u00b4em hell\u201d.<\/p>\n<p>Foto: DAVID BAAS<\/p>\n<p>\u00d6ppna bild i helsk\u00e4rm<img loading=\"lazy\"   alt=\"\"\/><\/p>\n<p>Bland de kvarl\u00e4mnade sakerna hittades ocks\u00e5 partimaterial fr\u00e5n SD \u00d6sterg\u00f6tland och en reser\u00e4kning till Region \u00d6sterg\u00f6tland i G\u00f6ran Hargestams namn.<\/p>\n<p>Foto: DAVID BAAS<\/p>\n<p>\u00d6ppna bild i helsk\u00e4rm<\/p>\n<p>Men d\u00e4r finns ocks\u00e5 en tung l\u00e5da med nazistiska f\u00f6rem\u00e5l.\u00a0<\/p>\n<p>Bland dessa finns en pokal med ett hakkors och en \u00f6rn. Inskriptionen ger vid handen att den \u00e4r fr\u00e5n 1939, samma \u00e5r som Adolf Hitler invaderade Polen. Pokalen hyllar en sergeant vid det nazityska flygvapnet, Luftwaffe.<\/p>\n<p><img loading=\"lazy\"   alt=\"\"\/><\/p>\n<p>Flyttl\u00e5dan med de nazistiska f\u00f6rem\u00e5len\u00a0\u2013 bland annat en pokal med hakkors, \u00f6rnen och en inskription fr\u00e5n 1939.<\/p>\n<p>Foto: DAVID BAAS<\/p>\n<p>\u00d6ppna bild i helsk\u00e4rmTv\u00e5 exemplar av \u201dMein kampf\u201d<\/p>\n<p>Bredvid pokalen ligger tv\u00e5 exemplar av Hitlers bok \u201dMein kampf\u201d. Det ena \u00e4r daterat 1933 och har ett hakkors p\u00e5 framsidan. Det andra exemplaret \u00e4r fr\u00e5n 1939 och \u00e4r utgivet av Zentralverlag der NSDAP, allts\u00e5 det tyska nazistpartiets eget f\u00f6rlag.\u00a0<\/p>\n<p>I samlingen finns ocks\u00e5 en hyllningsskrift till den nazityska krigsmakten fr\u00e5n 1941 och ett album med inklistrade bilder p\u00e5 nazityska soldater under krigsmaktens uppbyggnad 1936. I ett annat album hyllas Adolf Hitler med inklistrade fotografier fr\u00e5n F\u00fchrerns vardagsliv och g\u00e4rning som diktator.<\/p>\n<p>Annons<\/p>\n<p><img loading=\"lazy\"   alt=\"\"\/><\/p>\n<p>Bok med idolbilder p\u00e5 Adolf Hitler.<\/p>\n<p>Foto: DAVID BAAS<\/p>\n<p>\u00d6ppna bild i helsk\u00e4rm<img loading=\"lazy\"   alt=\"\"\/><\/p>\n<p>Bilder fr\u00e5n Adolf Hitlers liv.<\/p>\n<p>Foto: DAVID BAAS<\/p>\n<p>\u00d6ppna bild i helsk\u00e4rm<img loading=\"lazy\"   alt=\"\"\/><\/p>\n<p>Bilder fr\u00e5n Adolf Hitlers liv.<\/p>\n<p>Foto: DAVID BAAS<\/p>\n<p>\u00d6ppna bild i helsk\u00e4rm<img loading=\"lazy\"   alt=\"\"\/><\/p>\n<p>Bok om Adolf Hitlers liv.<\/p>\n<p>Foto: DAVID BAAS<\/p>\n<p>\u00d6ppna bild i helsk\u00e4rm<\/p>\n<p>Mitt bland alla nazif\u00f6rem\u00e5l finns ocks\u00e5 en uppsats med rubriken \u201dInvandrarbrottslighet\u201d som \u00e4r daterad i oktober 1992. P\u00e5 framsidan st\u00e5r G\u00f6ran Hargestams namn. I uppsatsen listas utl\u00e4nningars \u00f6verrepresentation i brottsstatistiken och uppsatsf\u00f6rfattaren drar f\u00f6ljande slutsats:<\/p>\n<p>\u201dTyv\u00e4r \u00e4r det nog s\u00e5, att en blandning av olika kulturer, religioner, politiska \u00e5sikter etc. inbjuder till konflikter p\u00e5 det brottsliga planet.\u201d<\/p>\n<p><img loading=\"lazy\"   alt=\"\"\/><\/p>\n<p>Bland de nazistiska f\u00f6rem\u00e5len l\u00e5g en uppsats med G\u00f6ran Hargestams namn.<\/p>\n<p>Foto: DAVID BAAS<\/p>\n<p>\u00d6ppna bild i helsk\u00e4rmVisade upp sin nazisamling<\/p>\n<p>Expressen har varit i kontakt med partikamrater till Hargestam, b\u00e5de s\u00e5na som fortfarande \u00e4r aktiva politiker och s\u00e5na som har l\u00e4mnat sina uppdrag. F\u00f6r dem kommer inte uppgifterna om riksdagsledamotens nazisamling som n\u00e5gon \u00f6verraskning.<\/p>\n<p>En tidigare partikamrat ber\u00e4ttar att han sj\u00e4lv sett samlingen med nazistf\u00f6rem\u00e5l hemma hos Hargestam:<\/p>\n<p>\u2013 Det var ett helt rum som var fullkomligt belamrat av nazisthj\u00e4lmar, hakkorsflaggor, b\u00f6cker, \u201dMein kampf\u201d, medaljer och det ena efter det andra. Det stod v\u00e4ldigt ordningsamt.<\/p>\n<p><img loading=\"lazy\"   alt=\"\"\/><\/p>\n<p>Exemplar av \u201dMein kampf\u201d fr\u00e5n 1939.<\/p>\n<p>Foto: DAVID BAAS<\/p>\n<p>\u00d6ppna bild i helsk\u00e4rm<img loading=\"lazy\"   alt=\"\"\/><\/p>\n<p>Tv\u00e5 exemplar av \u201dMein kampf\u201d.<\/p>\n<p>Foto: DAVID BAAS<\/p>\n<p>\u00d6ppna bild i helsk\u00e4rm<img loading=\"lazy\"   alt=\"\"\/><\/p>\n<p>Boken Die Wehrmacht fr\u00e5n 1941.<\/p>\n<p>Foto: DAVID BAAS<\/p>\n<p>\u00d6ppna bild i helsk\u00e4rm<img loading=\"lazy\"   alt=\"\"\/><\/p>\n<p>Boken Die Wehrmacht med hakkorset p\u00e5 framsidan.<\/p>\n<p>Foto: DAVID BAAS<\/p>\n<p>\u00d6ppna bild i helsk\u00e4rm<img loading=\"lazy\"   alt=\"\"\/><\/p>\n<p>Boken Deutschland erwacht, som betyder Tyskland vaknar.<\/p>\n<p>Foto: DAVID BAAS<\/p>\n<p>\u00d6ppna bild i helsk\u00e4rm<img loading=\"lazy\"   alt=\"\"\/><\/p>\n<p>Bild p\u00e5 Adolf Hitler, fr\u00e5n G\u00f6ran Hargestams nazisamling.<\/p>\n<p>Foto: DAVID BAAS<\/p>\n<p>\u00d6ppna bild i helsk\u00e4rm<img loading=\"lazy\"   alt=\"\"\/><\/p>\n<p>Framsidan p\u00e5 exemplaret av \u201dMein kampf\u201d fr\u00e5n 1933.<\/p>\n<p>Foto: DAVID BAAS<\/p>\n<p>\u00d6ppna bild i helsk\u00e4rm<\/p>\n<p><strong>Verkade han stolt \u00f6ver sin samling?<\/strong><\/p>\n<p>\u2013 Ja, det var absolut ingen tvekan om det. Men jag t\u00e4nkte \u201dvad \u00e4r det h\u00e4r f\u00f6r m\u00e4nniska?\u201d<\/p>\n<p><strong>Var det gamla saker eller nyproducerade?<\/strong><\/p>\n<p>\u2013 Nej nej nej, det h\u00e4r var inga nyproducerade saker. De var historiska. Det hade han samlat p\u00e5 l\u00e4nge.<\/p>\n<p>Partikamraten: \u201dHan ber\u00e4ttade om sin samling\u201d<\/p>\n<p>En annan SD-politiker, som fortfarande \u00e4r aktiv med f\u00f6rtroendeuppdrag, s\u00e4ger att Hargestam sj\u00e4lv har ber\u00e4ttat om sina nazistiska saker:<\/p>\n<p>\u2013\u00a0Han ber\u00e4ttade om sin stora samling. Han sa att han hade samlat p\u00e5 nasseprylar v\u00e4ldigt l\u00e4nge.<\/p>\n<p><img loading=\"lazy\"   alt=\"\"\/><\/p>\n<p>Expressens reporter David Baas tr\u00e4ffar G\u00f6ran Hargestam efter en valupptakt med Jimmie \u00c5kesson.<\/p>\n<p>Foto: LISA MATTISSON<\/p>\n<p>\u00d6ppna bild i helsk\u00e4rm<\/p>\n<p>Partikamraten har velat sl\u00e5 larm om Hargestams nazisamling internt i partiet, men han s\u00e4ger att han inte har v\u00e5gat:<\/p>\n<p>\u2013\u00a0Jag hade kunnat g\u00e5 ut med det h\u00e4r f\u00f6r l\u00e4nge sedan, men jag har inte riktigt v\u00e5gat. Men ju l\u00e4ngre tiden har g\u00e5tt desto mer illa har jag m\u00e5tt f\u00f6r att jag inte sa ifr\u00e5n fr\u00e5n b\u00f6rjan.<\/p>\n<p>\u201dJag skulle skriva en bok\u201d<\/p>\n<p>Expressen har i n\u00e4stan en vecka f\u00f6rs\u00f6kt att f\u00e5 till en intervju med G\u00f6ran Hargestam. Samma dag som han i ett mejl skriver \u201d\u00c4r inte tillg\u00e4nglig denna vecka (utomlands)\u201d s\u00e5 tr\u00e4ffar vi honom i Link\u00f6ping d\u00e4r han deltagit i en valupptakt med SD-ledaren Jimmie \u00c5kesson:<\/p>\n<p>Annons<\/p>\n<p>\u2013 Jag f\u00f6rnekar inte att den \u00e4r min och jag s\u00e4ger inte att jag vet att den \u00e4r min heller, s\u00e4ger Hargestam n\u00e4r han f\u00e5r se bilder p\u00e5 pokalen med hakkorset.\u00a0<\/p>\n<p>\u2013 Det \u00e4r ju s\u00e5 att jag har ett milit\u00e4rhistoriskt intresse, eller jag hade ett milit\u00e4rhistoriskt intresse. Det var l\u00e4nge sen jag hade ett s\u00e5nt intresse, och litteratur var en del av det.<\/p>\n<p>\u2013 Min grundid\u00e9 var att jag skulle skriva en bok som jag tyv\u00e4rr inte fick tid till.<\/p>\n<p><img loading=\"lazy\"   alt=\"\"\/><\/p>\n<p>\u201dJag f\u00f6rnekar inte att den \u00e4r min och jag s\u00e4ger inte att jag vet att den \u00e4r min heller\u201d, s\u00e4ger Hargestam n\u00e4r han f\u00e5r se bilder p\u00e5 pokalen med hakkorset.<\/p>\n<p>Foto: DAVID BAAS<\/p>\n<p>\u00d6ppna bild i helsk\u00e4rmK\u00f6pt fr\u00e5n \u201dfallna soldater\u201d<\/p>\n<p>Hargestam ber\u00e4ttar att hans intresse r\u00f6rt sig om bilder, dokument och litteratur, men n\u00e4r han f\u00e5r fr\u00e5gor om sina exemplar av \u201dMein kampf\u201d s\u00e4ger han:<\/p>\n<p>\u2013 Den \u00e4r helt ointressant. Den \u00e4r v\u00e4l dessutom p\u00e5 tyska. Jag kan inte tyska.<\/p>\n<p><strong>Varf\u00f6r skaffar du alla de h\u00e4r b\u00f6ckerna d\u00e5?<\/strong><\/p>\n<p>\u2013 Jo, men de var helt ointressanta. De f\u00f6ljde med.<\/p>\n<p>Riksdagsmannen s\u00e4ger att han har k\u00f6pt \u201dgrupper\u201d med saker fr\u00e5n \u201dfallna soldater\u201d och soldater som blivit gamla och d\u00f6tt.\u00a0<\/p>\n<p>\u2013 Det \u00e4r allts\u00e5 kvarl\u00e5tenskapen efter en person. Och s\u00e5 har det v\u00e4l funnits ett stigma till exempel i Tyskland s\u00e5 n\u00e4r den h\u00e4r personen har g\u00e5tt bort eller man har hittat det h\u00e4r p\u00e5 n\u00e5gon vind d\u00e5 har man s\u00e5lt det som en komplett samling.<\/p>\n<p><img loading=\"lazy\"   alt=\"\"\/><\/p>\n<p>\u201dJag var intresserad av hur illa det kan g\u00e5 f\u00f6r m\u00e4nniskor och ett land\u201d, s\u00e4ger G\u00f6ran Hargestam.<\/p>\n<p>Foto: LISA MATTISSON<\/p>\n<p>\u00d6ppna bild i helsk\u00e4rm<\/p>\n<p><strong>Varf\u00f6r \u00e4r du s\u00e5 fascinerad av nazismen?<\/strong><\/p>\n<p>\u2013 Nej, jag var fascinerad av totalit\u00e4ra regimer.<\/p>\n<p>\u2013 Jag var intresserad av hur illa det kan g\u00e5 f\u00f6r m\u00e4nniskor och ett land n\u00e4r diktatorer f\u00e5r m\u00f6jlighet att ut\u00f6va sin totalit\u00e4ra ja&#8230;, s\u00e4ger han och till\u00e4gger att han ocks\u00e5 samlat p\u00e5 saker fr\u00e5n Finland, Japan och \u201den judisk kvinna\u201d.<\/p>\n<p><strong>Personer som jag pratat med s\u00e4ger att det \u00e4r uteslutande nazistgrejer som du samlar p\u00e5?<\/strong><\/p>\n<p>\u2013 En anledning till att Tyskland tilldrog sig mitt intresse var just att det var enkelt att f\u00e5 tag i den typen av material. Fr\u00e5n Ryssland var det inte m\u00f6jligt att f\u00e5 tag p\u00e5.<\/p>\n<p>Om beskrivningen av att Hargestam haft ett rum belamrat med nazistiska f\u00f6rem\u00e5l som hakkorsflaggor, nazisthj\u00e4lmar och b\u00f6cker som \u201dMein kampf\u201d s\u00e4ger han:<\/p>\n<p>\u2013 Nej, det \u00e4r fel. Jag hade ganska m\u00e5nga grupper fr\u00e5n soldater, men det var ju som sagt fr\u00e5n flera nationer. S\u00e5 det var inte bara tyskt.\u00a0<\/p>\n<p><img loading=\"lazy\"   alt=\"\"\/><\/p>\n<p>Ett av G\u00f6ran Hargestams exemplar av \u201dMein kampf\u201d.<\/p>\n<p>Foto: DAVID BAAS<\/p>\n<p>\u00d6ppna bild i helsk\u00e4rm<\/p>\n<p>Mot slutet av intervjun s\u00e4ger Hargestam:<\/p>\n<p>\u2013 Jag tycker det \u00e4r dumheter, varf\u00f6r n\u00e5gon ska f\u00f6rs\u00f6ka att karakt\u00e4rsm\u00f6rda mig. Alla som k\u00e4nner mig vet att jag figurerar ingenstans p\u00e5 n\u00e5got s\u00e4tt, i n\u00e5got sammanhang som skulle kunna vara besv\u00e4rande, s\u00e4ger han och till\u00e4gger att han s\u00e5lt delar, men inte allt, av sin samling.<\/p>\n<p>Expressen har varit i kontakt med \u00e4garen till fastigheten d\u00e4r Hargestam l\u00e4mnade kvar sina saker. Han vill inte ge n\u00e5gra kommentarer.\u00a0<\/p>\n<p><strong>L\u00c4S MER: <\/strong><a href=\"https:\/\/www.expressen.se\/nyheter\/jimmie-akessons-van-hyllade-hitler-spred-rasism-och-judehat\/\" class=\"\" rel=\"nofollow noopener\" target=\"_blank\">Jimmie \u00c5kessons v\u00e4n hyllade Hitler \u2013 spredrasism och judehat<\/a><strong>L\u00c4S MER: <\/strong><a href=\"https:\/\/www.expressen.se\/nyheter\/sd-politikerns-inlagg-valkomnar-en-ny-hitler-och-pratar-om-negrer\/\" class=\"premium-link\" rel=\"nofollow noopener\" target=\"_blank\">Premium SD-politikerns inl\u00e4gg \u2013 v\u00e4lkomnar en \u201dny Hitler\u201doch pratar om \u201dnegrer\u201d<\/a><strong>L\u00c4S MER: <\/strong><a href=\"https:\/\/www.expressen.se\/nyheter\/sverige\/sd-toppen-gar-till-angrepp-skriker-fitta-under-krogbrak\/\" class=\"\" rel=\"nofollow noopener\" target=\"_blank\">SD-toppen g\u00e5r till angrepp \u2013 skriker \u201dfitta\u201d under krogbr\u00e5k<\/a><\/p>\n","protected":false},"excerpt":{"rendered":"En del av SD-riksdagsmannen G\u00f6ran Hargestams nazisamling. Foto: DAVID BAAS \u00d6ppna bild i helsk\u00e4rm Expressens reporter David Baas&hellip;\n","protected":false},"author":2,"featured_media":96629,"comment_status":"","ping_status":"","sticky":false,"template":"","format":"standard","meta":{"footnotes":""},"categories":[12],"tags":[22,23,26,27,17,21,24,25,28,29,15,16,3043,38,2709,18,34,154,31,33,32,30,19,20],"class_list":{"0":"post-96628","1":"post","2":"type-post","3":"status-publish","4":"format-standard","5":"has-post-thumbnail","7":"category-sverige","8":"tag-breaking-news","9":"tag-breakingnews","10":"tag-featured-news","11":"tag-featurednews","12":"tag-headlines","13":"tag-huvudnyheter","14":"tag-latest-news","15":"tag-latestnews","16":"tag-main-news","17":"tag-mainnews","18":"tag-news","19":"tag-nyheter","20":"tag-organization-riksdagen","21":"tag-organization-sverigedemokraterna","22":"tag-person-adolf-hitler","23":"tag-rubriker","24":"tag-se","25":"tag-sections-sverige","26":"tag-svenska","27":"tag-sverige","28":"tag-sweden","29":"tag-swedish","30":"tag-top-stories","31":"tag-topstories"},"share_on_mastodon":{"url":"https:\/\/pubeurope.com\/@se\/115659799558679971","error":""},"_links":{"self":[{"href":"https:\/\/www.europesays.com\/se\/wp-json\/wp\/v2\/posts\/96628","targetHints":{"allow":["GET"]}}],"collection":[{"href":"https:\/\/www.europesays.com\/se\/wp-json\/wp\/v2\/posts"}],"about":[{"href":"https:\/\/www.europesays.com\/se\/wp-json\/wp\/v2\/types\/post"}],"author":[{"embeddable":true,"href":"https:\/\/www.europesays.com\/se\/wp-json\/wp\/v2\/users\/2"}],"replies":[{"embeddable":true,"href":"https:\/\/www.europesays.com\/se\/wp-json\/wp\/v2\/comments?post=96628"}],"version-history":[{"count":0,"href":"https:\/\/www.europesays.com\/se\/wp-json\/wp\/v2\/posts\/96628\/revisions"}],"wp:featuredmedia":[{"embeddable":true,"href":"https:\/\/www.europesays.com\/se\/wp-json\/wp\/v2\/media\/96629"}],"wp:attachment":[{"href":"https:\/\/www.europesays.com\/se\/wp-json\/wp\/v2\/media?parent=96628"}],"wp:term":[{"taxonomy":"category","embeddable":true,"href":"https:\/\/www.europesays.com\/se\/wp-json\/wp\/v2\/categories?post=96628"},{"taxonomy":"post_tag","embeddable":true,"href":"https:\/\/www.europesays.com\/se\/wp-json\/wp\/v2\/tags?post=96628"}],"curies":[{"name":"wp","href":"https:\/\/api.w.org\/{rel}","templated":true}]}}