{"id":96630,"date":"2025-12-04T06:07:21","date_gmt":"2025-12-04T06:07:21","guid":{"rendered":"https:\/\/www.europesays.com\/se\/96630\/"},"modified":"2025-12-04T06:07:21","modified_gmt":"2025-12-04T06:07:21","slug":"vasteras-ilska-efter-offside-malet-de-borde-blasa","status":"publish","type":"post","link":"https:\/\/www.europesays.com\/se\/96630\/","title":{"rendered":"V\u00e4ster\u00e5s ilska efter offside-m\u00e5let: &#8221;De borde bl\u00e5sa&#8221;"},"content":{"rendered":"<p><strong><a href=\"https:\/\/hockeysverige.se\/klubb\/vasteras-ik\" rel=\"nofollow noopener\" target=\"_blank\">V\u00e4ster\u00e5s<\/a> f\u00f6rlorar med 5-2 borta mot <a href=\"https:\/\/hockeysverige.se\/klubb\/if-bjorkloven\" rel=\"nofollow noopener\" target=\"_blank\">Bj\u00f6rkl\u00f6ven<\/a> trots en stark insats. <br \/>Efter\u00e5t var det rej\u00e4lt irriterat i VIK \u2013 \u00f6ver en missad offside som ledde till ett m\u00e5l f\u00f6r Bj\u00f6rkl\u00f6ven. <br \/>\u2013 Det finns v\u00e4ldigt mycket att s\u00e4ga om domarna, s\u00e4ger tr\u00e4naren Peter Andersson. <br \/>\u2013 Vi f\u00e5r l\u00e4gga oss platt p\u00e5 den, det ska s\u00e5klart bl\u00e5sas av d\u00e4r, s\u00e4ger domaren Stefan Leijonklo. <\/strong><\/p>\n<p><img loading=\"lazy\" decoding=\"async\" width=\"1024\" height=\"658\" src=\"https:\/\/www.europesays.com\/se\/wp-content\/uploads\/2025\/12\/Peter-Andersson-offside-ilska-1024x658.webp.webp\" alt=\"Peter Andersson. V\u00e4ster\u00e5s. Offside.\" class=\"wp-image-332811\"  \/>Peter Andersson och V\u00e4ster\u00e5s var ilskna efter Bj\u00f6rkl\u00f6vens offside-m\u00e5l. <strong>Foto:<\/strong> Tobias Sterner\/Bildbyr\u00e5n &amp; TV4\/Sk\u00e4rmdump<\/p>\n<p>V\u00e4ster\u00e5s stod f\u00f6r en stark bortamatch mot seriesuver\u00e4nen Bj\u00f6rkl\u00f6ven. Men trots det r\u00e4ckte det inte till po\u00e4ng f\u00f6r VIK utan i st\u00e4llet \u00e5kte laget p\u00e5 sin femte raka f\u00f6rlust i <a href=\"https:\/\/hockeysverige.se\/hockeyallsvenskan\" rel=\"nofollow noopener\" target=\"_blank\">HockeyAllsvenskan<\/a>. <\/p>\n<p>Det var j\u00e4mnt och stod 2-2 inf\u00f6r tredje perioden men d\u00e4r kunde \u201dL\u00f6ven\u201d sedan sticka iv\u00e4g och vinna matchen med 5-2. Ungdomskedjan med <a href=\"https:\/\/hockeysverige.se\/spelare\/bruno-osmanis\" rel=\"nofollow noopener\" target=\"_blank\">Bruno Osmanis<\/a>, Gustaf Kangas och Philip Hemmyr l\u00e5g bakom det mesta i segern och stod f\u00f6r varsitt m\u00e5l f\u00f6r Bj\u00f6rkl\u00f6ven.<\/p>\n<p>Men det var Philip Hemmyrs 4-2-m\u00e5l som kom att hamna i blickf\u00e5nget. M\u00e5nga trodde n\u00e4mligen att det skulle bl\u00e5sas av f\u00f6r offside, till och med m\u00e5lskytten sj\u00e4lv var f\u00f6rv\u00e5nad \u00f6ver att spelet gick vidare. <\/p>\n<p>\u2013 Jag trodde att det var offside s\u00e5 jag slutade spela helt. Sedan kom pucken och d\u00e5 sk\u00f6t jag bara in den, s\u00e4ger Hemmyr till TV4 efter matchen. <\/p>\n<p>V\u00e4ster\u00e5s rasar mot offside-m\u00e5let: \u201dSolklart\u201d <\/p>\n<p>V\u00e4ster\u00e5s lyckas f\u00e5 ut pucken ur zonen innan en Bj\u00f6rkl\u00f6ven-spelare sl\u00e5r in den igen, precis efter att den har passerat linjen. Linjedomaren uppfattar att pucken g\u00e5r p\u00e5 fel sida linjen och h\u00f6jer armen f\u00f6r en avvaktande offside. Sedan \u00e5ker Bruno Osmanis efter pucken och touchar \u00e4ven pucken i en n\u00e4rkamp med en V\u00e4ster\u00e5s-spelare. Spelet f\u00e5r dock fortg\u00e5 vilket leder till att Philip Hemmyr bryter en VIK-passning och kan skjuta in 4-2. <\/p>\n<p>Det var rej\u00e4lt irriterat i V\u00e4ster\u00e5s som menade att domarna borde ha bl\u00e5st av n\u00e4r Osmanis r\u00f6rde vid pucken samtidigt som det var avvaktande offside. Efter m\u00e5let snackade VIK till sig en utvisning f\u00f6r \u201dabuse of officials\u201d. Efter\u00e5t v\u00e4drade tr\u00e4naren Peter Andersson ocks\u00e5 sitt missn\u00f6je \u00f6ver situationen. <\/p>\n<p>\u2013 Pucken \u00e4r solklart ute. Det \u00e4r avvaktande offside. D\u00e4r borde de bl\u00e5sa. Det \u00e4r b\u00e4ttre att domarna kommer ut och f\u00f6rklarar. Tyv\u00e4rr tycker jag att de\u2026 Jag ska h\u00e5lla mig den h\u00e4r g\u00e5ngen. Det finns v\u00e4ldigt mycket att s\u00e4ga om dem tycker jag, men jag f\u00e5r bita ihop, s\u00e4ger Andersson. <\/p>\n<p>Domaren svarar: \u201dOlycklig situation\u201d<\/p>\n<p>Huvuddomaren Stefan Leijonklo kom sedan \u00e4ven ut och f\u00f6r TV4 svarade han hur domarna s\u00e5g p\u00e5 situationen. Kort och gott missade domarna att Osmanis r\u00f6rde vid pucken och egentligen skulle spelet ha blivit avbl\u00e5st och m\u00e5let skulle inte ha godk\u00e4nts. <\/p>\n<p>\u2013 Vi har kikat p\u00e5 den och det blir en olycklig situation. Bed\u00f6mningen fr\u00e5n linjedomarna \u00e4r att han inte vidr\u00f6r pucken. Sedan ser vi s\u00e5klart att han g\u00f6r det och det ska ju bl\u00e5sas av f\u00f6r offside. Vi f\u00e5r l\u00e4gga oss platt p\u00e5 den. Vi har kollat p\u00e5 den och f\u00e5r l\u00e4gga oss platt p\u00e5 den, det ska s\u00e5klart bl\u00e5sas av d\u00e4r, s\u00e4ger domare Leijonklo.<\/p>\n<p>Bj\u00f6rkl\u00f6ven vann matchen med 5-2. <\/p>\n<p><strong>Bj\u00f6rkl\u00f6ven \u2013 V\u00e4ster\u00e5s 5\u20132 (1-1,1-1,3-0)<\/strong><\/p>\n<p><strong>Bj\u00f6rkl\u00f6ven:<\/strong> Axel Ottosson 2, Gustaf Kangas, Bruno Osmanis, Philip Hemmyr. <br \/><strong>V\u00e4ster\u00e5s: <\/strong>Karl Annborn, Oskar Kvist. <\/p>\n<p> Source: <a href=\"https:\/\/www.eliteprospects.com\/league\/hockeyallsvenskan\" target=\"_blank\" rel=\"noopener noreferrer nofollow\">HOCKEYALLSVENSKAN League Page<\/a> @ Elite Prospects<\/p>\n","protected":false},"excerpt":{"rendered":"V\u00e4ster\u00e5s f\u00f6rlorar med 5-2 borta mot Bj\u00f6rkl\u00f6ven trots en stark insats. Efter\u00e5t var det rej\u00e4lt irriterat i VIK&hellip;\n","protected":false},"author":2,"featured_media":96631,"comment_status":"","ping_status":"","sticky":false,"template":"","format":"standard","meta":{"footnotes":""},"categories":[5],"tags":[22,23,26,27,17,621,21,24,25,28,29,15,16,18,34,133,31,33,32,30,19,20],"class_list":{"0":"post-96630","1":"post","2":"type-post","3":"status-publish","4":"format-standard","5":"has-post-thumbnail","7":"category-rubriker","8":"tag-breaking-news","9":"tag-breakingnews","10":"tag-featured-news","11":"tag-featurednews","12":"tag-headlines","13":"tag-hockeyallsvenskan","14":"tag-huvudnyheter","15":"tag-latest-news","16":"tag-latestnews","17":"tag-main-news","18":"tag-mainnews","19":"tag-news","20":"tag-nyheter","21":"tag-rubriker","22":"tag-se","23":"tag-second-news","24":"tag-svenska","25":"tag-sverige","26":"tag-sweden","27":"tag-swedish","28":"tag-top-stories","29":"tag-topstories"},"share_on_mastodon":{"url":"https:\/\/pubeurope.com\/@se\/115659803626762292","error":""},"_links":{"self":[{"href":"https:\/\/www.europesays.com\/se\/wp-json\/wp\/v2\/posts\/96630","targetHints":{"allow":["GET"]}}],"collection":[{"href":"https:\/\/www.europesays.com\/se\/wp-json\/wp\/v2\/posts"}],"about":[{"href":"https:\/\/www.europesays.com\/se\/wp-json\/wp\/v2\/types\/post"}],"author":[{"embeddable":true,"href":"https:\/\/www.europesays.com\/se\/wp-json\/wp\/v2\/users\/2"}],"replies":[{"embeddable":true,"href":"https:\/\/www.europesays.com\/se\/wp-json\/wp\/v2\/comments?post=96630"}],"version-history":[{"count":0,"href":"https:\/\/www.europesays.com\/se\/wp-json\/wp\/v2\/posts\/96630\/revisions"}],"wp:featuredmedia":[{"embeddable":true,"href":"https:\/\/www.europesays.com\/se\/wp-json\/wp\/v2\/media\/96631"}],"wp:attachment":[{"href":"https:\/\/www.europesays.com\/se\/wp-json\/wp\/v2\/media?parent=96630"}],"wp:term":[{"taxonomy":"category","embeddable":true,"href":"https:\/\/www.europesays.com\/se\/wp-json\/wp\/v2\/categories?post=96630"},{"taxonomy":"post_tag","embeddable":true,"href":"https:\/\/www.europesays.com\/se\/wp-json\/wp\/v2\/tags?post=96630"}],"curies":[{"name":"wp","href":"https:\/\/api.w.org\/{rel}","templated":true}]}}