{"id":96632,"date":"2025-12-04T06:13:09","date_gmt":"2025-12-04T06:13:09","guid":{"rendered":"https:\/\/www.europesays.com\/se\/96632\/"},"modified":"2025-12-04T06:13:09","modified_gmt":"2025-12-04T06:13:09","slug":"putin-aker-till-indien-trumps-tullar-kastar-en-skugga-over-besoket-utrikes","status":"publish","type":"post","link":"https:\/\/www.europesays.com\/se\/96632\/","title":{"rendered":"Putin \u00e5ker till Indien \u2013 Trumps tullar kastar en skugga \u00f6ver bes\u00f6ket | Utrikes"},"content":{"rendered":"<p class=\"aw-1gybjub aw-5vja16 kEtdKx kmuxyA yle__article__paragraph\">Ryssland vill forts\u00e4tta s\u00e4lja vapen och olja till Indien.<\/p>\n<p><img decoding=\"async\" alt=\"Vladimir Putin skakar hand med Narendra Modi.\" src=\"https:\/\/www.europesays.com\/se\/wp-content\/uploads\/2025\/12\/39-9298766234428e3c478.jpeg\" class=\"aw-1l9m598 hKVVvP\"\/><\/p>\n<p>\u00d6ppna bildvisare<\/p>\n<p>Vladimir Putin bes\u00f6kte senast Indien i december 2021. Bild: Haris Tyagi \/ EPALyssna (du h\u00f6r en artificiell r\u00f6st) 2:44<\/p>\n<p class=\"aw-1gybjub aw-1p7kakr kEtdKx cEmitX yle__article__paragraph\">Rysslands president <strong class=\"aw-ak79eh KyCXm yle__article__strong\">Vladimir Putin<\/strong> bes\u00f6ker Indien p\u00e5 torsdag och fredag.<\/p>\n<p class=\"aw-1gybjub aw-1p7kakr kEtdKx cEmitX yle__article__paragraph\">Bes\u00f6ket \u00e4r Putins f\u00f6rsta i Indien sedan Ryssland invaderade Ukraina i februari 2022.<\/p>\n<p class=\"aw-1gybjub aw-1p7kakr kEtdKx cEmitX yle__article__paragraph\">Under resan ska Putin och den indiska premi\u00e4rministern <strong class=\"aw-ak79eh KyCXm yle__article__strong\">Narendra Modi<\/strong> f\u00f6rhandla bland annat om indiska ink\u00f6p av ryska luftv\u00e4rnssystem och jetflygplan.<\/p>\n<p class=\"aw-1gybjub aw-1p7kakr kEtdKx cEmitX yle__article__paragraph\">Enligt Kremls talesman <strong class=\"aw-ak79eh KyCXm yle__article__strong\">Dimitrij Peskov<\/strong> har speciellt leveranser av ryska luftv\u00e4rnssystem till Indien en \u201dviktig plats p\u00e5 agendan\u201d under bes\u00f6ket.<\/p>\n<p><img decoding=\"async\" alt=\"Ett foto p\u00e5 ryska S-400-robotar monterade p\u00e5 en lastbil\" src=\"https:\/\/www.europesays.com\/se\/wp-content\/uploads\/2025\/12\/39-7534675fd37b7cc4875.jpeg\" loading=\"lazy\" class=\"aw-1l9m598 hKVVvP\"\/><\/p>\n<p>\u00d6ppna bildvisare<\/p>\n<p>S-400 \u00e4r Rysslands mest avancerade luftv\u00e4rnssystem. Bild: EPA-EFE\/All Over Press<\/p>\n<p class=\"aw-1gybjub aw-1p7kakr kEtdKx cEmitX yle__article__paragraph\">Indien har i nul\u00e4get tre batterier av det avancerade ryska luftv\u00e4rnssystemet S-400, inf\u00f6rskaffade under ett avtal som ingicks 2018.<\/p>\n<p class=\"aw-1gybjub aw-1p7kakr kEtdKx cEmitX yle__article__paragraph\">Landet v\u00e4ntar ocks\u00e5 p\u00e5 leverans av tv\u00e5 batterier till, men de har f\u00f6rsenats p\u00e5 grund av kriget i Ukraina och v\u00e4stv\u00e4rldens sanktioner mot Ryssland.<\/p>\n<p class=\"aw-1gybjub aw-1p7kakr kEtdKx cEmitX yle__article__paragraph\">Indiska medier rapporterar nu ocks\u00e5 att Ryssland kommer att erbjuda Indien en m\u00f6jlighet att k\u00f6pa eller b\u00f6rja bygga milit\u00e4rplan av typen Su-57 i Indien i samarbete med Ryssland.<\/p>\n<p><img decoding=\"async\" alt=\"Ett Su-57-stridsplan under en flyguppvisning 2019.\" src=\"https:\/\/www.europesays.com\/se\/wp-content\/uploads\/2025\/12\/39-6914165eeb64c32303c.jpeg\" loading=\"lazy\" class=\"aw-1l9m598 hKVVvP\"\/><\/p>\n<p>\u00d6ppna bildvisare<\/p>\n<p>Sukhoi Su-57 \u00e4r Rysslands modernaste stridsflygplan.  Bild: Kris Christiaens\/Alamy\/All Over Press<\/p>\n<p class=\"aw-1gybjub aw-1p7kakr kEtdKx cEmitX yle__article__paragraph\">Indien \u00e4r en av v\u00e4rldens st\u00f6rsta import\u00f6rer av vapen och f\u00f6rsvarsmateriel, och merparten av vapenimporten har l\u00e4nge kommit fr\u00e5n just Ryssland.<\/p>\n<p class=\"aw-1gybjub aw-1p7kakr kEtdKx cEmitX yle__article__paragraph\">Landet har \u00e4nd\u00e5 b\u00f6rjat satsa allt mer p\u00e5 inhemsk vapenproduktion under de senaste \u00e5ren.<\/p>\n<p class=\"aw-1gybjub aw-1p7kakr kEtdKx cEmitX yle__article__paragraph\">Andelen importerat f\u00f6rsvarsmateriel fr\u00e5n Ryssland har fallit fr\u00e5n 76 procent under tidsperioden 2009-2013 till 36 procent mellan \u00e5r 2019 och 2023, enligt statistik fr\u00e5n forskningsinstitutet Stockholm International Peace Research Insitute (Sipri).<\/p>\n<p>Rysk olja ingen st\u00f6testen f\u00f6r relationerna<\/p>\n<p class=\"aw-1gybjub aw-1p7kakr kEtdKx cEmitX yle__article__paragraph\">USA:s president <strong class=\"aw-ak79eh KyCXm yle__article__strong\">Donald Trump<\/strong> chockh\u00f6jde i augusti USA:s importtullar p\u00e5 de flesta indiska varor och produkter till 50 procent, i ett f\u00f6rs\u00f6k att straffa Indien f\u00f6r att landet fortsatt k\u00f6pa olja fr\u00e5n Ryssland trots de v\u00e4sterl\u00e4ndska sanktionerna mot den ryska oljeindustrin.<\/p>\n<p class=\"aw-1gybjub aw-1p7kakr kEtdKx cEmitX yle__article__paragraph\">Indien har l\u00e4nge varit en av v\u00e4rldens st\u00f6rsta import\u00f6rer av rysk olja, som man dessutom kunnat k\u00f6pa f\u00f6r nedsatt pris p\u00e5 grund av sanktionerna mot Ryssland.<\/p>\n<p class=\"aw-1gybjub aw-1p7kakr kEtdKx cEmitX yle__article__paragraph\">Nyligen har Indien \u00e4nd\u00e5 b\u00f6rjat minska m\u00e4ngderna man importerar fr\u00e5n Ryssland, efter att USA inf\u00f6rde sanktioner mot Rysslands tv\u00e5 st\u00f6rsta oljebolag, Rosneft och Lukoil.<\/p>\n<p class=\"aw-1gybjub aw-1p7kakr kEtdKx cEmitX yle__article__paragraph\">Nu finns det en nervositet i Indien f\u00f6r att nya f\u00f6rsvarsanskaffningar och \u00f6verenskommelser med Ryssland ska framkalla flera reaktioner fr\u00e5n USA och f\u00f6rsv\u00e5ra handelsf\u00f6rhandlingar mellan l\u00e4nderna, rapporterar nyhetsbyr\u00e5n AFP.<\/p>\n<p class=\"aw-1gybjub aw-1p7kakr kEtdKx cEmitX yle__article__paragraph\">Samtidigt tror \u00e4nd\u00e5 inte indiska experter som AFP talat med att hotet fr\u00e5n USA kommer att leda till f\u00f6rs\u00e4mrade relationer mellan Ryssland och Indien.<\/p>\n<p class=\"aw-1gybjub aw-1p7kakr kEtdKx cEmitX yle__article__paragraph\">AFP, STT<\/p>\n","protected":false},"excerpt":{"rendered":"Ryssland vill forts\u00e4tta s\u00e4lja vapen och olja till Indien. \u00d6ppna bildvisare Vladimir Putin bes\u00f6kte senast Indien i december&hellip;\n","protected":false},"author":2,"featured_media":96633,"comment_status":"","ping_status":"","sticky":false,"template":"","format":"standard","meta":{"footnotes":""},"categories":[14],"tags":[420,22,23,71,26,27,17,21,393,24,25,28,29,2384,15,16,2000,18,1788,264,3722,34,31,33,32,30,19,20,237,51,261,52,53,54],"class_list":{"0":"post-96632","1":"post","2":"type-post","3":"status-publish","4":"format-standard","5":"has-post-thumbnail","7":"category-varlden","8":"tag-asien","9":"tag-breaking-news","10":"tag-breakingnews","11":"tag-ekonomi","12":"tag-featured-news","13":"tag-featurednews","14":"tag-headlines","15":"tag-huvudnyheter","16":"tag-indien","17":"tag-latest-news","18":"tag-latestnews","19":"tag-main-news","20":"tag-mainnews","21":"tag-narendra-modi","22":"tag-news","23":"tag-nyheter","24":"tag-olja","25":"tag-rubriker","26":"tag-ryskt-anfall-mot-ukraina","27":"tag-ryssland","28":"tag-sanktioner","29":"tag-se","30":"tag-svenska","31":"tag-sverige","32":"tag-sweden","33":"tag-swedish","34":"tag-top-stories","35":"tag-topstories","36":"tag-utrikes","37":"tag-varlden","38":"tag-vladimir-putin","39":"tag-world","40":"tag-world-news","41":"tag-worldnews"},"share_on_mastodon":{"url":"https:\/\/pubeurope.com\/@se\/115659827414653366","error":""},"_links":{"self":[{"href":"https:\/\/www.europesays.com\/se\/wp-json\/wp\/v2\/posts\/96632","targetHints":{"allow":["GET"]}}],"collection":[{"href":"https:\/\/www.europesays.com\/se\/wp-json\/wp\/v2\/posts"}],"about":[{"href":"https:\/\/www.europesays.com\/se\/wp-json\/wp\/v2\/types\/post"}],"author":[{"embeddable":true,"href":"https:\/\/www.europesays.com\/se\/wp-json\/wp\/v2\/users\/2"}],"replies":[{"embeddable":true,"href":"https:\/\/www.europesays.com\/se\/wp-json\/wp\/v2\/comments?post=96632"}],"version-history":[{"count":0,"href":"https:\/\/www.europesays.com\/se\/wp-json\/wp\/v2\/posts\/96632\/revisions"}],"wp:featuredmedia":[{"embeddable":true,"href":"https:\/\/www.europesays.com\/se\/wp-json\/wp\/v2\/media\/96633"}],"wp:attachment":[{"href":"https:\/\/www.europesays.com\/se\/wp-json\/wp\/v2\/media?parent=96632"}],"wp:term":[{"taxonomy":"category","embeddable":true,"href":"https:\/\/www.europesays.com\/se\/wp-json\/wp\/v2\/categories?post=96632"},{"taxonomy":"post_tag","embeddable":true,"href":"https:\/\/www.europesays.com\/se\/wp-json\/wp\/v2\/tags?post=96632"}],"curies":[{"name":"wp","href":"https:\/\/api.w.org\/{rel}","templated":true}]}}