{"id":96653,"date":"2025-12-04T06:44:12","date_gmt":"2025-12-04T06:44:12","guid":{"rendered":"https:\/\/www.europesays.com\/se\/96653\/"},"modified":"2025-12-04T06:44:12","modified_gmt":"2025-12-04T06:44:12","slug":"linux-grundaren-linus-torvalds-tar-windows-i-forsvar","status":"publish","type":"post","link":"https:\/\/www.europesays.com\/se\/96653\/","title":{"rendered":"Linux-grundaren Linus Torvalds tar Windows i f\u00f6rsvar"},"content":{"rendered":"<p>Linux-skaparen Linus Torvalds har ov\u00e4ntat nog tagit Microsoft i f\u00f6rsvar g\u00e4llande sk\u00e4mten om Windows s\u00e5 kallade blue screen of death. Det hela uppm\u00e4rksammades f\u00f6rst av <a href=\"https:\/\/idg.digidip.net\/visit?url=https:\/\/itsfoss.com\/news\/torvalds-blue-screen-of-death\/&amp;currurl=https:\/\/www.pcforalla.se\/article\/2999417\/linux-grundaren-linus-torvalds-tar-windows-i-forsvar.html&amp;ref=8-1-2999417-1-0-0-0-0\" rel=\"nofollow noopener\" data-subtag=\"8-1-2999417-1-0-0-0-0\" data-domain-name=\"itsfoss\" target=\"_blank\">IT\u2019s Foss<\/a>.<\/p>\n<p>I en ny video med Youtubern <a href=\"https:\/\/idg.digidip.net\/visit?url=https:\/\/youtu.be\/mfv0V1SxbNA?si=z3x25Q4hqjgdfPca&amp;currurl=https:\/\/www.pcforalla.se\/article\/2999417\/linux-grundaren-linus-torvalds-tar-windows-i-forsvar.html&amp;ref=8-1-2999417-1-0-0-0-0\" rel=\"nofollow noopener\" data-subtag=\"8-1-2999417-1-0-0-0-0\" data-domain-name=\"youtu\" target=\"_blank\">Linus Tech Tips<\/a> f\u00f6rklarade han att m\u00e5nga krascher sannolikt inte beror p\u00e5 mjukvarufel.<\/p>\n<p>\u201cJag \u00e4r \u00f6vertygad om att alla sk\u00e4mt om hur instabilt Windows \u00e4r och om bl\u00e5sk\u00e4rmar \u2014 jag antar att det inte ens \u00e4r en bl\u00e5 sk\u00e4rm l\u00e4ngre \u2014 till stor del inte handlar om programvarufel. En stor andel av dem beror faktiskt p\u00e5 att h\u00e5rdvaran inte \u00e4r tillf\u00f6rlitlig\u201d, s\u00e4ger Linus Torvalds i videon.<\/p>\n<p>Torvalds vidh\u00f6ll ocks\u00e5 att det \u00e4r viktigt att ha ECC-minne i datorn, vilket i grunden g\u00f6r den mer p\u00e5litlig, och att avsaknaden av ECC kan leda till allvarliga minnesproblem. Torvalds n\u00e4mnde ocks\u00e5 att spelintresserade som \u00f6verklockar f\u00e5r extra mycket op\u00e5litlighet p\u00e5 k\u00f6pet<\/p>\n","protected":false},"excerpt":{"rendered":"Linux-skaparen Linus Torvalds har ov\u00e4ntat nog tagit Microsoft i f\u00f6rsvar g\u00e4llande sk\u00e4mten om Windows s\u00e5 kallade blue screen&hellip;\n","protected":false},"author":2,"featured_media":96654,"comment_status":"","ping_status":"","sticky":false,"template":"","format":"standard","meta":{"footnotes":""},"categories":[66],"tags":[80,78,79,34,31,33,32,30,81,84,83,82],"class_list":{"0":"post-96653","1":"post","2":"type-post","3":"status-publish","4":"format-standard","5":"has-post-thumbnail","7":"category-vetenskap-och-teknik","8":"tag-science","9":"tag-science-and-technology","10":"tag-scienceandtechnology","11":"tag-se","12":"tag-svenska","13":"tag-sverige","14":"tag-sweden","15":"tag-swedish","16":"tag-technology","17":"tag-teknik","18":"tag-vetenskap","19":"tag-vetenskapteknik"},"share_on_mastodon":{"url":"https:\/\/pubeurope.com\/@se\/115659949056624331","error":""},"_links":{"self":[{"href":"https:\/\/www.europesays.com\/se\/wp-json\/wp\/v2\/posts\/96653","targetHints":{"allow":["GET"]}}],"collection":[{"href":"https:\/\/www.europesays.com\/se\/wp-json\/wp\/v2\/posts"}],"about":[{"href":"https:\/\/www.europesays.com\/se\/wp-json\/wp\/v2\/types\/post"}],"author":[{"embeddable":true,"href":"https:\/\/www.europesays.com\/se\/wp-json\/wp\/v2\/users\/2"}],"replies":[{"embeddable":true,"href":"https:\/\/www.europesays.com\/se\/wp-json\/wp\/v2\/comments?post=96653"}],"version-history":[{"count":0,"href":"https:\/\/www.europesays.com\/se\/wp-json\/wp\/v2\/posts\/96653\/revisions"}],"wp:featuredmedia":[{"embeddable":true,"href":"https:\/\/www.europesays.com\/se\/wp-json\/wp\/v2\/media\/96654"}],"wp:attachment":[{"href":"https:\/\/www.europesays.com\/se\/wp-json\/wp\/v2\/media?parent=96653"}],"wp:term":[{"taxonomy":"category","embeddable":true,"href":"https:\/\/www.europesays.com\/se\/wp-json\/wp\/v2\/categories?post=96653"},{"taxonomy":"post_tag","embeddable":true,"href":"https:\/\/www.europesays.com\/se\/wp-json\/wp\/v2\/tags?post=96653"}],"curies":[{"name":"wp","href":"https:\/\/api.w.org\/{rel}","templated":true}]}}