{"id":96658,"date":"2025-12-04T06:48:26","date_gmt":"2025-12-04T06:48:26","guid":{"rendered":"https:\/\/www.europesays.com\/se\/96658\/"},"modified":"2025-12-04T06:48:26","modified_gmt":"2025-12-04T06:48:26","slug":"ulf-kristersson-vann-debatten-fran-soffan","status":"publish","type":"post","link":"https:\/\/www.europesays.com\/se\/96658\/","title":{"rendered":"Ulf Kristersson vann debatten fr\u00e5n soffan"},"content":{"rendered":"<p><a class=\"wing-tag\" href=\"https:\/\/www.expressen.se\/om\/val-2026\/\" rel=\"nofollow noopener\" target=\"_blank\">Val 2026<\/a><\/p>\n<p>Viktor Barth-Kron<\/p>\n<p>Publicerad 3 dec 2025 kl 21.52<\/p>\n<p>Aktuellts debatt var som att se tv\u00e5 tungviktsboxare med ballerinaskor p\u00e5 oljad blankis, skriver Viktor Barth-Kron.<\/p>\n<p><img   alt=\"\"\/><\/p>\n<p>Magdalena Andersson (S) och Jimmie \u00c5kesson (SD) debatterade i \u201dAktuellt\u201d.<\/p>\n<p>Foto: SVT<\/p>\n<p>\u00d6ppna bild i helsk\u00e4rm<img loading=\"lazy\"   alt=\"\"\/><\/p>\n<p>Ulf Kristersson.<\/p>\n<p>Foto: ACTION PRESS \/ STELLA PICTURES<\/p>\n<p>\u00d6ppna bild i helsk\u00e4rm<\/p>\n<p>Detta \u00e4r en kommenterande text. Analys och st\u00e4llningstaganden \u00e4r skribentens.<\/p>\n<p><img   alt=\"\"\/>Viktor Barth-Kron<\/p>\n<p>En l\u00e5ng duell i Aktuellt mellan <strong>Magdalena Andersson<\/strong> (S) och <strong>Jimmie \u00c5kesson<\/strong> (SD) brukar vara en bra kv\u00e4ll f\u00f6r b\u00e5da och en el\u00e4ndig kv\u00e4ll f\u00f6r Moderaterna.\u00a0<\/p>\n<p>\u00c5kesson f\u00e5r agera statsministerkandidat, Andersson f\u00e5r en mer tacksam motst\u00e5ndare och <strong>Ulf Kristersson<\/strong>, ja, han \u00e4r n\u00e5gon annanstans \u00e4n i politikens elitdivision. Ute med hunden?<\/p>\n<p>\u201dSveriges tv\u00e5 st\u00f6rsta partier\u201d, dundrar programledaren, och runtom i det moderata partilandet b\u00f6rjar folk sl\u00e4nga ut tv-apparater genom f\u00f6nstren. N\u00e4stan.<\/p>\n<p><strong>Den h\u00e4r onsdagen var dock ett lysande undantag.<\/strong><\/p>\n<p>Duellen mellan Andersson och \u00c5kesson inleddes med \u00e4mnet propaganda i sociala medier. Vad \u00e4r egentligen v\u00e4rst \u2013 SD:s dolda kommunikationsmetoder, som <a href=\"https:\/\/www.expressen.se\/nyheter\/sverige\/ett-ar-efter-trollfabriken-sd-konton-fortfarande-kvar\/\" rel=\"nofollow noopener\" target=\"_blank\">avsl\u00f6jades i TV4 i fjol<\/a>, eller Socialdemokraternas p\u00e5 sistone mycket omskrivna <a href=\"https:\/\/www.expressen.se\/kronikorer\/viktor-barth-kron\/trollfabrik-nej-det-ar-bara-daligt\/\" rel=\"nofollow noopener\" target=\"_blank\">propagandacentral \u201dAiP Media\u201d<\/a>?<\/p>\n<p>\u201dDebatten\u201d, om man nu kan kalla det s\u00e5, utvecklades som v\u00e4ntat.<\/p>\n<p>Ditt konto!<\/p>\n<p>Men ditt konto d\u00e5!<\/p>\n<p>Skumraskaff\u00e4rer!<\/p>\n<p>Hyckleri!<\/p>\n<p>Men du d\u00e5!<\/p>\n<p>B\u00e5da hade po\u00e4nger i sin kritik mot den andres metoder. Ingen lyckades f\u00e5 in n\u00e5gra fulltr\u00e4ffar, vilket kan ha berott p\u00e5 att det var som att se tv\u00e5 tungviktsboxare med ballerinaskor p\u00e5 oljad blankis.<\/p>\n<p><strong>Varje nykter tittare, utom de allra mest partitrogna guldfiskarna, l\u00e4r mest ha k\u00e4nt sekund\u00e4rskam f\u00f6r alla uppenbara tvivelaktigheter som radades upp.<\/strong><\/p>\n<p>Debatten inneh\u00f6ll f\u00f6rst\u00e5s mer \u00e4n s\u00e5. Storpartiledarna fick bland annat avhandla arbetsl\u00f6sheten, burkaf\u00f6rbud, behovet av \u00e5ldersgr\u00e4ns i sociala medier och huruvida Socialdemokraterna har en politik f\u00f6r att bryta den etniska segregationen eller inte (enligt \u00c5kesson ja, enligt Andersson nej).<\/p>\n<p>Inget avg\u00f6rande nytt framkom, och det var v\u00e4l tur, f\u00f6r vid det laget hade de flesta f\u00f6rmodligen slutat lyssna f\u00f6r l\u00e4nge sedan.<\/p>\n<p>\u201dDet \u00e4r sv\u00e5rt att ha en debatt mot en motst\u00e5ndare som bara st\u00e5r och fabulerar\u201d, sade <a href=\"https:\/\/www.expressen.se\/tagg\/person\/magdalena-andersson\/\" class=\"\" rel=\"nofollow noopener\" target=\"_blank\">Magdalena Andersson<\/a>.<\/p>\n<p><strong>\u201dJag h\u00e5ller med\u201d, sade Jimmie \u00c5kesson.<\/strong><\/p>\n<p>N\u00e5gonstans i S\u00f6rmland kanske Ulf Kristersson gick ut med hunden. Just den h\u00e4r kv\u00e4llen gjorde han i s\u00e5 fall helt r\u00e4tt i det.<\/p>\n<p>Viktor Barth-Kron \u00e4r politisk kommentator p\u00e5 Expressen.<\/p>\n","protected":false},"excerpt":{"rendered":"Val 2026 Viktor Barth-Kron Publicerad 3 dec 2025 kl 21.52 Aktuellts debatt var som att se tv\u00e5 tungviktsboxare&hellip;\n","protected":false},"author":2,"featured_media":96659,"comment_status":"","ping_status":"","sticky":false,"template":"","format":"standard","meta":{"footnotes":""},"categories":[5],"tags":[22,23,26,27,17,21,24,25,28,29,15,3464,16,944,1207,18,34,1238,31,33,32,30,19,152,20],"class_list":{"0":"post-96658","1":"post","2":"type-post","3":"status-publish","4":"format-standard","5":"has-post-thumbnail","7":"category-rubriker","8":"tag-breaking-news","9":"tag-breakingnews","10":"tag-featured-news","11":"tag-featurednews","12":"tag-headlines","13":"tag-huvudnyheter","14":"tag-latest-news","15":"tag-latestnews","16":"tag-main-news","17":"tag-mainnews","18":"tag-news","19":"tag-newsstory-val-2026","20":"tag-nyheter","21":"tag-person-jimmie-akesson","22":"tag-person-magdalena-andersson","23":"tag-rubriker","24":"tag-se","25":"tag-sections-viktorbarthkron","26":"tag-svenska","27":"tag-sverige","28":"tag-sweden","29":"tag-swedish","30":"tag-top-stories","31":"tag-topic-inrikespolitik","32":"tag-topstories"},"share_on_mastodon":{"url":"https:\/\/pubeurope.com\/@se\/115659964750417251","error":""},"_links":{"self":[{"href":"https:\/\/www.europesays.com\/se\/wp-json\/wp\/v2\/posts\/96658","targetHints":{"allow":["GET"]}}],"collection":[{"href":"https:\/\/www.europesays.com\/se\/wp-json\/wp\/v2\/posts"}],"about":[{"href":"https:\/\/www.europesays.com\/se\/wp-json\/wp\/v2\/types\/post"}],"author":[{"embeddable":true,"href":"https:\/\/www.europesays.com\/se\/wp-json\/wp\/v2\/users\/2"}],"replies":[{"embeddable":true,"href":"https:\/\/www.europesays.com\/se\/wp-json\/wp\/v2\/comments?post=96658"}],"version-history":[{"count":0,"href":"https:\/\/www.europesays.com\/se\/wp-json\/wp\/v2\/posts\/96658\/revisions"}],"wp:featuredmedia":[{"embeddable":true,"href":"https:\/\/www.europesays.com\/se\/wp-json\/wp\/v2\/media\/96659"}],"wp:attachment":[{"href":"https:\/\/www.europesays.com\/se\/wp-json\/wp\/v2\/media?parent=96658"}],"wp:term":[{"taxonomy":"category","embeddable":true,"href":"https:\/\/www.europesays.com\/se\/wp-json\/wp\/v2\/categories?post=96658"},{"taxonomy":"post_tag","embeddable":true,"href":"https:\/\/www.europesays.com\/se\/wp-json\/wp\/v2\/tags?post=96658"}],"curies":[{"name":"wp","href":"https:\/\/api.w.org\/{rel}","templated":true}]}}