{"id":96673,"date":"2025-12-04T07:08:28","date_gmt":"2025-12-04T07:08:28","guid":{"rendered":"https:\/\/www.europesays.com\/se\/96673\/"},"modified":"2025-12-04T07:08:28","modified_gmt":"2025-12-04T07:08:28","slug":"julkalendern-tidstjuven-far-toppbetyg-av-barnen","status":"publish","type":"post","link":"https:\/\/www.europesays.com\/se\/96673\/","title":{"rendered":"Julkalendern \u201dTidstjuven\u201d f\u00e5r toppbetyg av barnen"},"content":{"rendered":"<p>Huvudrollen Clint spelas av Gusten Wickberg och Gustav Vasa av Andreas Rothlin Svensson. Foto: Johan Paulin\/SVT<\/p>\n<p>\u2013\u2009Gustav Vasa \u00e4r min favoritkung, s\u00e5 jag tyckte det var j\u00e4tteroligt att han var med. Eftersom han kommer fr\u00e5n d\u00e5tiden visste han ju inte vad godis var, och d\u00e4rf\u00f6r blev det extra kul n\u00e4r han sedan blev helt beroende av det, s\u00e4ger Sienna.<\/p>\n<p>\u2013\u2009Han har v\u00e4ldigt mycket humor. Det \u00e4r kul att en klok kung kan vara knasig, s\u00e4ger Ida.<\/p>\n<p>\u2013\u2009\u00c4n s\u00e5 l\u00e4nge \u00e4r han min favoritkarakt\u00e4r, s\u00e4ger Otis och ler.<\/p>\n<p>Bor i \u201dTr\u00e5ksj\u00f6\u201d<\/p>\n<p>Huvudpersonen Clint bor med sin mamma Moa och sin syster Vida i Kr\u00e5ksj\u00f6 \u2013 eller \u201dTr\u00e5ksj\u00f6\u201d, som det sk\u00e4mtsamt kallas. Vida \u00e4lskar julen till skillnad fr\u00e5n Clint. Moa hamnar i br\u00e5k med stadens turistchef Cindy \u2013 en karakt\u00e4r som juniorpanelen inte tycker om.<\/p>\n<p>Vida, mamma Moa, Clint och bildsk\u00f6ne Bengtsson i \u201dTidstjuven\u201d. Foto: Johan Paulin\/SVT<\/p>\n<p>\u2013\u2009Jag gillar inte Cindy. Hon kommer bara dit och g\u00f6r reklam f\u00f6r den andra stan, s\u00e4ger Ida.<\/p>\n<p><strong>Taggade p\u00e5 forts\u00e4ttning<\/strong><\/p>\n<p>De tre f\u00f6rsta avsnitten f\u00e5r helt klart godk\u00e4nt av Sienna och Otis.<\/p>\n<p>\u2013\u2009Jag fick 100 procent julst\u00e4mning, s\u00e4ger han.<\/p>\n<p>Ida tycker den \u00e4r bra, men att den kan bli \u00e4nnu b\u00e4ttre.<\/p>\n<p>Panelen \u00e4r taggad inf\u00f6r forts\u00e4ttningen och tror att allt kommer ordna sig f\u00f6r Clint.<\/p>\n<p>\u2013\u2009Jag tror han kommer hitta sin pappa till slut. Det \u00e4r jag typ helt s\u00e4ker p\u00e5, s\u00e4ger Sienna.<\/p>\n<p>Visste du att &#8230;Foto: StellaPictures\/Alamy<\/p>\n<p>Gustav Vasa var kung p\u00e5 1500-talet. Han \u00e4r k\u00e4nd f\u00f6r att ha gjort Sverige sj\u00e4lvst\u00e4ndigt och f\u00f6r att han skapade ett starkare land. Han har ocks\u00e5 beskrivits som en grym och h\u00e4nsynsl\u00f6s kung. Enligt historien flydde han fr\u00e5n danskarna p\u00e5 skidor, vilket vi i dag firar med Vasaloppet.<\/p>\n<p>Andra popul\u00e4ra julkalendrar genom tiderna Mirakel Foto: Ulrika Malm\/SVT<\/p>\n<p>Tidigare julkalendrar som<strong> <\/strong>Otis, Ida och Sienna har tyckt om \u00e4r bland annat \u201c<strong>Mirakel<\/strong>\u201d fr\u00e5n 2020 och \u201c<strong>Trolltider<\/strong>\u201d fr\u00e5n 2023. \u201cDet var sp\u00e4nnande med trollen och jag gillade hela id\u00e9n med \u201cTrolltider\u201d, s\u00e4ger Sienna.<\/p>\n<p>Trolltider 2023 Foto: SVT<\/p>\n","protected":false},"excerpt":{"rendered":"Huvudrollen Clint spelas av Gusten Wickberg och Gustav Vasa av Andreas Rothlin Svensson. Foto: Johan Paulin\/SVT \u2013\u2009Gustav Vasa&hellip;\n","protected":false},"author":2,"featured_media":96674,"comment_status":"","ping_status":"","sticky":false,"template":"","format":"standard","meta":{"footnotes":""},"categories":[67],"tags":[104,34,31,33,32,30,105],"class_list":{"0":"post-96673","1":"post","2":"type-post","3":"status-publish","4":"format-standard","5":"has-post-thumbnail","7":"category-underhallning","8":"tag-entertainment","9":"tag-se","10":"tag-svenska","11":"tag-sverige","12":"tag-sweden","13":"tag-swedish","14":"tag-underhallning"},"share_on_mastodon":{"url":"https:\/\/pubeurope.com\/@se\/115660043252923605","error":""},"_links":{"self":[{"href":"https:\/\/www.europesays.com\/se\/wp-json\/wp\/v2\/posts\/96673","targetHints":{"allow":["GET"]}}],"collection":[{"href":"https:\/\/www.europesays.com\/se\/wp-json\/wp\/v2\/posts"}],"about":[{"href":"https:\/\/www.europesays.com\/se\/wp-json\/wp\/v2\/types\/post"}],"author":[{"embeddable":true,"href":"https:\/\/www.europesays.com\/se\/wp-json\/wp\/v2\/users\/2"}],"replies":[{"embeddable":true,"href":"https:\/\/www.europesays.com\/se\/wp-json\/wp\/v2\/comments?post=96673"}],"version-history":[{"count":0,"href":"https:\/\/www.europesays.com\/se\/wp-json\/wp\/v2\/posts\/96673\/revisions"}],"wp:featuredmedia":[{"embeddable":true,"href":"https:\/\/www.europesays.com\/se\/wp-json\/wp\/v2\/media\/96674"}],"wp:attachment":[{"href":"https:\/\/www.europesays.com\/se\/wp-json\/wp\/v2\/media?parent=96673"}],"wp:term":[{"taxonomy":"category","embeddable":true,"href":"https:\/\/www.europesays.com\/se\/wp-json\/wp\/v2\/categories?post=96673"},{"taxonomy":"post_tag","embeddable":true,"href":"https:\/\/www.europesays.com\/se\/wp-json\/wp\/v2\/tags?post=96673"}],"curies":[{"name":"wp","href":"https:\/\/api.w.org\/{rel}","templated":true}]}}