{"id":96686,"date":"2025-12-04T07:23:09","date_gmt":"2025-12-04T07:23:09","guid":{"rendered":"https:\/\/www.europesays.com\/se\/96686\/"},"modified":"2025-12-04T07:23:09","modified_gmt":"2025-12-04T07:23:09","slug":"magdalena-forsberg-om-sin-horselnedsattning-jattejobbigt-skidskytte","status":"publish","type":"post","link":"https:\/\/www.europesays.com\/se\/96686\/","title":{"rendered":"Magdalena Forsberg om sin h\u00f6rselneds\u00e4ttning: \u201dJ\u00e4ttejobbigt\u201d | Skidskytte"},"content":{"rendered":"<p>Publicerad 4 dec 2025 kl 07.21<\/p>\n<p>Magdalena Forsberg, 58, lyfter p\u00e5 h\u00e5ret och visar sina \u00f6ron.\u00a0<\/p>\n<p>Skidskytteikonen har b\u00f6rjat anv\u00e4nda h\u00f6rapparater.\u00a0<\/p>\n<p>\u2013 Det \u00e4r j\u00e4ttejobbigt, s\u00e4ger hon.<\/p>\n<p><img   alt=\"\"\/><\/p>\n<p>Magdalena Forsberg under TV4:s presstr\u00e4ff inf\u00f6r OS.<\/p>\n<p>Foto: JENS CHRISTIAN<\/p>\n<p>\u00d6ppna bild i helsk\u00e4rm<img loading=\"lazy\"   alt=\"\"\/> <\/p>\n<p>Foto: JOHANNA LUNDBERG \/ BILDBYR\u00c5N<\/p>\n<p>\u00d6ppna bild i helsk\u00e4rmArtikeln i korthet<\/p>\n<p> Magdalena Forsberg har haft h\u00f6rselneds\u00e4ttning sedan barndomen och har nyligen b\u00f6rjat anv\u00e4nda h\u00f6rapparat.\u00a0<\/p>\n<p> Hon ber\u00e4ttar att det tog emot att b\u00f6rja anv\u00e4nda h\u00f6rapparaterna, men att hon nu f\u00f6rs\u00f6ker v\u00e4nja sig.\u00a0<\/p>\n<p> Forsberg vill inspirera andra att ta tag i sina h\u00f6rselproblem och lyfter att obehandlad h\u00f6rselneds\u00e4ttning kan \u00f6ka risken f\u00f6r demens.<\/p>\n<p>Visa mer<\/p>\n<p>\u00c4nda sedan <a href=\"https:\/\/www.expressen.se\/tagg\/person\/magdalena-forsberg\/\" class=\"\" rel=\"nofollow noopener\" target=\"_blank\">Magdalena Forsberg<\/a> var liten har hon haft en h\u00f6rselneds\u00e4ttning, och problemen g\u00e5r i sl\u00e4kten. Men det \u00e4r f\u00f6rst p\u00e5 senare \u00e5r som skidskytteikonen har b\u00f6rjat ta tag i sin h\u00f6rsel.<\/p>\n<p>Hon lyfter p\u00e5 sitt stora bruna h\u00e5r visar sina h\u00f6rapparater.\u00a0<\/p>\n<p>\u2013 Jag h\u00f6r j\u00e4kligt d\u00e5ligt. Nu f\u00f6rs\u00f6ker jag vara duktig och anv\u00e4nda h\u00f6rapparaten, vilket \u00e4r j\u00e4ttejobbigt. Man m\u00e5ste v\u00e4nja sig och det f\u00f6rs\u00f6ker jag g\u00f6ra nu, f\u00f6r jag h\u00f6r s\u00e5 pass d\u00e5ligt. Jag skulle kunna h\u00f6ra utan ocks\u00e5, men jag f\u00e5r anstr\u00e4nga mig enormt, s\u00e4ger hon.\u00a0<\/p>\n<p>Tog emot att b\u00f6rja\u00a0<\/p>\n<p>H\u00f6rapparaterna fick hon f\u00f6r tv\u00e5 \u00e5r sedan, men det tog l\u00e5ng tid innan hon satte p\u00e5 sig dem. I den tillh\u00f6rande appen mixtrar hon med inst\u00e4llningarna f\u00f6r att det ska passa olika sammanhang.\u00a0<\/p>\n<p>\u2013 Nu har jag helt fel program, k\u00e4nner jag, s\u00e4ger hon och forts\u00e4tter:\u00a0<\/p>\n<p>\u2013 Men jag k\u00e4nner att jag faktiskt h\u00f6r b\u00e4ttre. Jag f\u00e5r verkligen f\u00f6rs\u00f6ka anv\u00e4nda dem, \u00e4ven om det tar emot. Jag vet ju att jag beh\u00f6ver det. Inte bara f\u00f6r mig utan f\u00f6r andra ocks\u00e5. Som familjen hemma, jag s\u00e4ger hela tiden \u201dvad s\u00e4ger ni?\u201d. Nu har jag tagit tag i det, det \u00e4r sk\u00f6nt, s\u00e4ger hon.\u00a0<\/p>\n<p>R\u00e4dslan f\u00f6r demens<\/p>\n<p>Forsberg tar upp det faktum att h\u00f6rselneds\u00e4ttning \u00f6kar risken f\u00f6r demens. Det \u00e4r n\u00e5got hon har haft i bakhuvudet n\u00e4r hon nu b\u00f6rjat anv\u00e4nda sina h\u00f6rapparater.\u00a0<\/p>\n<p>\u2013 Man vill ju inte uts\u00e4ttas f\u00f6r det. D\u00e4rf\u00f6r t\u00e4nkte jag att jag m\u00e5ste ta tag i det h\u00e4r. Det \u00e4r ju dumt att \u00f6ka p\u00e5 risken. Sedan \u00e4r det jobbigt ocks\u00e5. Jag blir v\u00e4ldigt tr\u00f6tt p\u00e5 kv\u00e4llarna f\u00f6r jag f\u00e5r koncentrera mig s\u00e5 mycket hela dagarna. Jag t\u00e4nker att om jag kan l\u00e4ra mig att anv\u00e4nda h\u00f6rapparaten s\u00e5 kanske jag inte blir lika tr\u00f6tt, s\u00e4ger hon.\u00a0<\/p>\n<p>Vill inspirera\u00a0<\/p>\n<p>Samtidigt hoppas hon att hon kan inspirera fler att b\u00f6rja anv\u00e4nda h\u00f6rapparat n\u00e4r hon nu pratar \u00f6ppet om sina egna problem.\u00a0<\/p>\n<p>\u2013 Det \u00e4r j\u00e4ttem\u00e5nga som g\u00e5r runt och h\u00f6r lite d\u00e5ligt och inte tar tag i det. Jag har ju sj\u00e4lv varit s\u00e5 d\u00e4r. Jag k\u00e4nner att jag kan visa att jag har en apparat och avdramatisera lite. Det k\u00e4nns j\u00e4ttebra om jag kan inspirera lite att ta tag i det, f\u00f6r jag vet vilket steg det \u00e4r.\u00a0<\/p>\n","protected":false},"excerpt":{"rendered":"Publicerad 4 dec 2025 kl 07.21 Magdalena Forsberg, 58, lyfter p\u00e5 h\u00e5ret och visar sina \u00f6ron.\u00a0 Skidskytteikonen har&hellip;\n","protected":false},"author":2,"featured_media":96687,"comment_status":"","ping_status":"","sticky":false,"template":"","format":"standard","meta":{"footnotes":""},"categories":[68],"tags":[6059,34,945,111,110,31,33,32,30],"class_list":{"0":"post-96686","1":"post","2":"type-post","3":"status-publish","4":"format-standard","5":"has-post-thumbnail","7":"category-sport","8":"tag-person-magdalena-forsberg","9":"tag-se","10":"tag-sections-skidskytte","11":"tag-sport","12":"tag-sports","13":"tag-svenska","14":"tag-sverige","15":"tag-sweden","16":"tag-swedish"},"share_on_mastodon":{"url":"https:\/\/pubeurope.com\/@se\/115660102432021310","error":""},"_links":{"self":[{"href":"https:\/\/www.europesays.com\/se\/wp-json\/wp\/v2\/posts\/96686","targetHints":{"allow":["GET"]}}],"collection":[{"href":"https:\/\/www.europesays.com\/se\/wp-json\/wp\/v2\/posts"}],"about":[{"href":"https:\/\/www.europesays.com\/se\/wp-json\/wp\/v2\/types\/post"}],"author":[{"embeddable":true,"href":"https:\/\/www.europesays.com\/se\/wp-json\/wp\/v2\/users\/2"}],"replies":[{"embeddable":true,"href":"https:\/\/www.europesays.com\/se\/wp-json\/wp\/v2\/comments?post=96686"}],"version-history":[{"count":0,"href":"https:\/\/www.europesays.com\/se\/wp-json\/wp\/v2\/posts\/96686\/revisions"}],"wp:featuredmedia":[{"embeddable":true,"href":"https:\/\/www.europesays.com\/se\/wp-json\/wp\/v2\/media\/96687"}],"wp:attachment":[{"href":"https:\/\/www.europesays.com\/se\/wp-json\/wp\/v2\/media?parent=96686"}],"wp:term":[{"taxonomy":"category","embeddable":true,"href":"https:\/\/www.europesays.com\/se\/wp-json\/wp\/v2\/categories?post=96686"},{"taxonomy":"post_tag","embeddable":true,"href":"https:\/\/www.europesays.com\/se\/wp-json\/wp\/v2\/tags?post=96686"}],"curies":[{"name":"wp","href":"https:\/\/api.w.org\/{rel}","templated":true}]}}