{"id":96724,"date":"2025-12-04T08:05:08","date_gmt":"2025-12-04T08:05:08","guid":{"rendered":"https:\/\/www.europesays.com\/se\/96724\/"},"modified":"2025-12-04T08:05:08","modified_gmt":"2025-12-04T08:05:08","slug":"googles-ai-rubriker-far-kritik-skadar-trovardigheten","status":"publish","type":"post","link":"https:\/\/www.europesays.com\/se\/96724\/","title":{"rendered":"Googles AI-rubriker f\u00e5r kritik: \u201dSkadar trov\u00e4rdigheten\u201d"},"content":{"rendered":"<p>Google experimenterar med att ers\u00e4tta nyhetsmediers egna rubriker i Discover-fl\u00f6det med AI-genererade varianter. Testet, som g\u00e4ller en mindre grupp anv\u00e4ndare, ska enligt Google g\u00f6ra inneh\u00e5llet \u201dl\u00e4ttare att ta till sig\u201d, men flera av rubrikerna har varit missvisande eller obegripliga, rapporterar The Verge.<\/p>\n<p>Sajtens medgrundare och reporter Sean Hollister varnar f\u00f6r att AI-rubrikerna kan skada mediernas trov\u00e4rdighet eftersom Googles versioner visas bredvid deras namn utan tydlig f\u00f6rklaring.<\/p>\n<p>\u201dProblemet \u00e4r inte bara att AI-rubrikerna \u00e4r d\u00e5liga. Det \u00e4r att Google tar ifr\u00e5n oss m\u00f6jligheten att sj\u00e4lva presentera v\u00e5rt arbete, ungef\u00e4r som om vi hade skrivit en bok och bokhandeln best\u00e4mde sig f\u00f6r att byta ut omslaget\u201d, skriver han.<\/p>\n<p>Omni \u00e4r politiskt obundna och oberoende. Vi str\u00e4var efter att ge fler perspektiv p\u00e5 nyheterna. Har du fr\u00e5gor eller synpunkter kring v\u00e5r rapportering? <a href=\"https:\/\/omni.se\/googles-ai-rubriker-far-kritik-skadar-trovardigheten\/a\/mailto:redaktion@omni.se\" class=\"ArticleActions_contactLink__W2F1M\" rel=\"nofollow noopener\" target=\"_blank\">Kontakta redaktionen<\/a><\/p>\n","protected":false},"excerpt":{"rendered":"Google experimenterar med att ers\u00e4tta nyhetsmediers egna rubriker i Discover-fl\u00f6det med AI-genererade varianter. Testet, som g\u00e4ller en mindre&hellip;\n","protected":false},"author":2,"featured_media":96725,"comment_status":"","ping_status":"","sticky":false,"template":"","format":"standard","meta":{"footnotes":""},"categories":[66],"tags":[466,670,4349,732,80,78,79,34,31,33,32,30,81,84,83,82],"class_list":{"0":"post-96724","1":"post","2":"type-post","3":"status-publish","4":"format-standard","5":"has-post-thumbnail","7":"category-vetenskap-och-teknik","8":"tag-artificiell-intelligens","9":"tag-google","10":"tag-internet","11":"tag-media-reklam","12":"tag-science","13":"tag-science-and-technology","14":"tag-scienceandtechnology","15":"tag-se","16":"tag-svenska","17":"tag-sverige","18":"tag-sweden","19":"tag-swedish","20":"tag-technology","21":"tag-teknik","22":"tag-vetenskap","23":"tag-vetenskapteknik"},"share_on_mastodon":{"url":"https:\/\/pubeurope.com\/@se\/115660267451182625","error":""},"_links":{"self":[{"href":"https:\/\/www.europesays.com\/se\/wp-json\/wp\/v2\/posts\/96724","targetHints":{"allow":["GET"]}}],"collection":[{"href":"https:\/\/www.europesays.com\/se\/wp-json\/wp\/v2\/posts"}],"about":[{"href":"https:\/\/www.europesays.com\/se\/wp-json\/wp\/v2\/types\/post"}],"author":[{"embeddable":true,"href":"https:\/\/www.europesays.com\/se\/wp-json\/wp\/v2\/users\/2"}],"replies":[{"embeddable":true,"href":"https:\/\/www.europesays.com\/se\/wp-json\/wp\/v2\/comments?post=96724"}],"version-history":[{"count":0,"href":"https:\/\/www.europesays.com\/se\/wp-json\/wp\/v2\/posts\/96724\/revisions"}],"wp:featuredmedia":[{"embeddable":true,"href":"https:\/\/www.europesays.com\/se\/wp-json\/wp\/v2\/media\/96725"}],"wp:attachment":[{"href":"https:\/\/www.europesays.com\/se\/wp-json\/wp\/v2\/media?parent=96724"}],"wp:term":[{"taxonomy":"category","embeddable":true,"href":"https:\/\/www.europesays.com\/se\/wp-json\/wp\/v2\/categories?post=96724"},{"taxonomy":"post_tag","embeddable":true,"href":"https:\/\/www.europesays.com\/se\/wp-json\/wp\/v2\/tags?post=96724"}],"curies":[{"name":"wp","href":"https:\/\/api.w.org\/{rel}","templated":true}]}}