{"id":96781,"date":"2025-12-04T09:05:10","date_gmt":"2025-12-04T09:05:10","guid":{"rendered":"https:\/\/www.europesays.com\/se\/96781\/"},"modified":"2025-12-04T09:05:10","modified_gmt":"2025-12-04T09:05:10","slug":"uppgangen-pa-borsen-tilltar-systemair-rusar","status":"publish","type":"post","link":"https:\/\/www.europesays.com\/se\/96781\/","title":{"rendered":"Uppg\u00e5ngen p\u00e5 b\u00f6rsen tilltar \u2013 Systemair rusar"},"content":{"rendered":"<p>Av Mirza Gazic, Omni Ekonomi<br \/>Publicerad 4 december, 09:03. Uppdaterad 4 december, 09:04<\/p>\n<p>Stockholmsb\u00f6rsen \u00f6ppnar p\u00e5 gr\u00f6nt och hakar d\u00e4rmed p\u00e5 g\u00e5rdagens uppg\u00e5ng p\u00e5 Wall Street, som drevs av \u00f6kade f\u00f6rv\u00e4ntningar p\u00e5 en ny r\u00e4ntes\u00e4nkning fr\u00e5n FED i december efter ADP:s jobbsiffra. Vid 10-tiden ser l\u00e4get ut s\u00e5 h\u00e4r: <\/p>\n<p>\u2022 OMXSPI: +1,0%<br \/>\u2022 OMXS30: +0,9%<\/p>\n<p>Intel aviserade i\u202fdag att bolaget skrotat f\u00f6rhandlingarna med Ericsson om en f\u00f6rs\u00e4ljning av delar av sin n\u00e4tverksdivision NEX till telekombolaget. N\u00e5gon st\u00f6rre kursr\u00f6relse p\u00e5 grund av beskedet m\u00e4rks dock inte och aktien handlas svagt upp\u00e5t.<\/p>\n<p>Ventilationsbolaget Systemair rusar 14 procent  efter en morgonens rapport, som visade ett tydligt \u00f6kat r\u00f6relseresultat samtidigt som marginalen st\u00e4rktes.<\/p>\n<p>Byggj\u00e4tten Skanska bygger datahall i USA efter en order p\u00e5 2,6 miljarder kronor. Kursen handlas upp n\u00e4ra 1 procent. <\/p>\n<p>Intellego f\u00e5r f\u00f6rl\u00e4ngd tidsfrist att svara p\u00e5 Stockholmsb\u00f6rsens beg\u00e4ran om avnotering, som kom den 21 november. Bolaget ska nu svara senast den 12 december. <\/p>\n<p>Bland analyserna inleder SEB bevakning av ljudboksbolaget Storytel med en k\u00f6pst\u00e4mpel. Banken s\u00e4tter riktkursen 110 kronor. Aktien lyfte n\u00e4ra 6 procent vid \u00f6ppning men har fallit n\u00e5got till strax \u00f6ver 5 procent d\u00e4refter.<\/p>\n<p>P\u00e5 makrofronten kom SCB:s prelimin\u00e4ra inflationssiffror under morgonen, som visar att inflationen m\u00e4tt som KPIF bromsat in mer \u00e4n v\u00e4ntat i november, till 2,3 procent fr\u00e5n 3,1 procent i oktober. V\u00e4ntat var 2,5 procent.<\/p>\n<p>Texten uppdateras.<\/p>\n<p>New York-b\u00f6rserna i g\u00e5r<br \/>S&amp;P 500: +0,3%<br \/>Nasdaq: +0,2%<br \/>Dow Jones: +0,9%<\/p>\n<p>Omni \u00e4r politiskt obundna och oberoende. Vi str\u00e4var efter att ge fler perspektiv p\u00e5 nyheterna. Har du fr\u00e5gor eller synpunkter kring v\u00e5r rapportering? <a href=\"https:\/\/omni.se\/stockholmsborsen-gar-mot-gron-oppning\/a\/mailto:redaktion@omni.se\" class=\"ArticleActions_contactLink__W2F1M\" rel=\"nofollow noopener\" target=\"_blank\">Kontakta redaktionen<\/a><\/p>\n","protected":false},"excerpt":{"rendered":"Av Mirza Gazic, Omni EkonomiPublicerad 4 december, 09:03. Uppdaterad 4 december, 09:04 Stockholmsb\u00f6rsen \u00f6ppnar p\u00e5 gr\u00f6nt och hakar&hellip;\n","protected":false},"author":2,"featured_media":96782,"comment_status":"","ping_status":"","sticky":false,"template":"","format":"standard","meta":{"footnotes":""},"categories":[5],"tags":[22,23,3908,26,27,17,21,394,24,25,28,29,15,16,18,34,2637,467,6228,31,33,32,30,11371,19,20],"class_list":{"0":"post-96781","1":"post","2":"type-post","3":"status-publish","4":"format-standard","5":"has-post-thumbnail","7":"category-rubriker","8":"tag-breaking-news","9":"tag-breakingnews","10":"tag-ericsson","11":"tag-featured-news","12":"tag-featurednews","13":"tag-headlines","14":"tag-huvudnyheter","15":"tag-intel","16":"tag-latest-news","17":"tag-latestnews","18":"tag-main-news","19":"tag-mainnews","20":"tag-news","21":"tag-nyheter","22":"tag-rubriker","23":"tag-se","24":"tag-skanska","25":"tag-stockholmsborsen","26":"tag-storytel","27":"tag-svenska","28":"tag-sverige","29":"tag-sweden","30":"tag-swedish","31":"tag-systemair","32":"tag-top-stories","33":"tag-topstories"},"share_on_mastodon":{"url":"https:\/\/pubeurope.com\/@se\/115660503345117312","error":""},"_links":{"self":[{"href":"https:\/\/www.europesays.com\/se\/wp-json\/wp\/v2\/posts\/96781","targetHints":{"allow":["GET"]}}],"collection":[{"href":"https:\/\/www.europesays.com\/se\/wp-json\/wp\/v2\/posts"}],"about":[{"href":"https:\/\/www.europesays.com\/se\/wp-json\/wp\/v2\/types\/post"}],"author":[{"embeddable":true,"href":"https:\/\/www.europesays.com\/se\/wp-json\/wp\/v2\/users\/2"}],"replies":[{"embeddable":true,"href":"https:\/\/www.europesays.com\/se\/wp-json\/wp\/v2\/comments?post=96781"}],"version-history":[{"count":0,"href":"https:\/\/www.europesays.com\/se\/wp-json\/wp\/v2\/posts\/96781\/revisions"}],"wp:featuredmedia":[{"embeddable":true,"href":"https:\/\/www.europesays.com\/se\/wp-json\/wp\/v2\/media\/96782"}],"wp:attachment":[{"href":"https:\/\/www.europesays.com\/se\/wp-json\/wp\/v2\/media?parent=96781"}],"wp:term":[{"taxonomy":"category","embeddable":true,"href":"https:\/\/www.europesays.com\/se\/wp-json\/wp\/v2\/categories?post=96781"},{"taxonomy":"post_tag","embeddable":true,"href":"https:\/\/www.europesays.com\/se\/wp-json\/wp\/v2\/tags?post=96781"}],"curies":[{"name":"wp","href":"https:\/\/api.w.org\/{rel}","templated":true}]}}