{"id":96787,"date":"2025-12-04T09:13:13","date_gmt":"2025-12-04T09:13:13","guid":{"rendered":"https:\/\/www.europesays.com\/se\/96787\/"},"modified":"2025-12-04T09:13:13","modified_gmt":"2025-12-04T09:13:13","slug":"snart-olagligt-att-flyga-dronare-utan-dronarkort","status":"publish","type":"post","link":"https:\/\/www.europesays.com\/se\/96787\/","title":{"rendered":"Snart olagligt att flyga dr\u00f6nare utan dr\u00f6narkort"},"content":{"rendered":"<p>Fr\u00e5n och med 1 januari blir det straffbart att flyga dr\u00f6nare som v\u00e4ger mer \u00e4n 250 gram utan dr\u00f6narkort, skriver Transportstyrelsen i ett pressmeddelande. <\/p>\n<p>Regeringen f\u00f6reslog regel\u00e4ndringen redan f\u00f6r ett \u00e5r sedan men nu ska den allts\u00e5 tr\u00e4da i kraft. Syftet \u00e4r att \u00f6ka s\u00e4kerheten i luften n\u00e4r allt fler ska samsas om luftrummet.<\/p>\n<p>\u2013 Vi kan acceptera en viss riskniv\u00e5. Men ju fler som flyger desto b\u00e4ttre s\u00e4kerhet m\u00e5ste vi ha f\u00f6r att minska andelen olyckor som vi har, s\u00e4ger Karl-Axel Ed\u00e9n, flyginspekt\u00f6r p\u00e5 Transportstyrelsen, till TT.<\/p>\n<p>Den som bryter mot den nya lagen riskerar dagsb\u00f6ter men vid allvarligare fall kan man f\u00e5 f\u00e4ngelse i upp till sex m\u00e5nader.<\/p>\n<p>Omni \u00e4r politiskt obundna och oberoende. Vi str\u00e4var efter att ge fler perspektiv p\u00e5 nyheterna. Har du fr\u00e5gor eller synpunkter kring v\u00e5r rapportering? <a href=\"https:\/\/omni.se\/snart-olagligt-att-flyga-dronare-utan-dronarkort\/a\/mailto:redaktion@omni.se\" class=\"ArticleActions_contactLink__W2F1M\" rel=\"nofollow noopener\" target=\"_blank\">Kontakta redaktionen<\/a><\/p>\n","protected":false},"excerpt":{"rendered":"Fr\u00e5n och med 1 januari blir det straffbart att flyga dr\u00f6nare som v\u00e4ger mer \u00e4n 250 gram utan&hellip;\n","protected":false},"author":2,"featured_media":96788,"comment_status":"","ping_status":"","sticky":false,"template":"","format":"standard","meta":{"footnotes":""},"categories":[5],"tags":[22,23,26,27,17,21,120,24,25,28,29,15,16,18,34,31,33,32,30,19,20,4456],"class_list":{"0":"post-96787","1":"post","2":"type-post","3":"status-publish","4":"format-standard","5":"has-post-thumbnail","7":"category-rubriker","8":"tag-breaking-news","9":"tag-breakingnews","10":"tag-featured-news","11":"tag-featurednews","12":"tag-headlines","13":"tag-huvudnyheter","14":"tag-lag-ratt","15":"tag-latest-news","16":"tag-latestnews","17":"tag-main-news","18":"tag-mainnews","19":"tag-news","20":"tag-nyheter","21":"tag-rubriker","22":"tag-se","23":"tag-svenska","24":"tag-sverige","25":"tag-sweden","26":"tag-swedish","27":"tag-top-stories","28":"tag-topstories","29":"tag-transportstyrelsen"},"share_on_mastodon":{"url":"https:\/\/pubeurope.com\/@se\/115660534751746076","error":""},"_links":{"self":[{"href":"https:\/\/www.europesays.com\/se\/wp-json\/wp\/v2\/posts\/96787","targetHints":{"allow":["GET"]}}],"collection":[{"href":"https:\/\/www.europesays.com\/se\/wp-json\/wp\/v2\/posts"}],"about":[{"href":"https:\/\/www.europesays.com\/se\/wp-json\/wp\/v2\/types\/post"}],"author":[{"embeddable":true,"href":"https:\/\/www.europesays.com\/se\/wp-json\/wp\/v2\/users\/2"}],"replies":[{"embeddable":true,"href":"https:\/\/www.europesays.com\/se\/wp-json\/wp\/v2\/comments?post=96787"}],"version-history":[{"count":0,"href":"https:\/\/www.europesays.com\/se\/wp-json\/wp\/v2\/posts\/96787\/revisions"}],"wp:featuredmedia":[{"embeddable":true,"href":"https:\/\/www.europesays.com\/se\/wp-json\/wp\/v2\/media\/96788"}],"wp:attachment":[{"href":"https:\/\/www.europesays.com\/se\/wp-json\/wp\/v2\/media?parent=96787"}],"wp:term":[{"taxonomy":"category","embeddable":true,"href":"https:\/\/www.europesays.com\/se\/wp-json\/wp\/v2\/categories?post=96787"},{"taxonomy":"post_tag","embeddable":true,"href":"https:\/\/www.europesays.com\/se\/wp-json\/wp\/v2\/tags?post=96787"}],"curies":[{"name":"wp","href":"https:\/\/api.w.org\/{rel}","templated":true}]}}