{"id":96791,"date":"2025-12-04T09:16:08","date_gmt":"2025-12-04T09:16:08","guid":{"rendered":"https:\/\/www.europesays.com\/se\/96791\/"},"modified":"2025-12-04T09:16:08","modified_gmt":"2025-12-04T09:16:08","slug":"taylor-swifts-musik-stoppas-av-fastmannen-travis-kelce-ar-av-respekt-nfl","status":"publish","type":"post","link":"https:\/\/www.europesays.com\/se\/96791\/","title":{"rendered":"Taylor Swifts musik stoppas av f\u00e4stmannen Travis Kelce: \u201d\u00c4r av respekt\u201d | Nfl"},"content":{"rendered":"<p>Publicerad 4 dec 2025 kl 09.48Uppdaterad kl 10.01<\/p>\n<p>Travis Kelce, 36, har ett krav.<\/p>\n<p>F\u00e4stm\u00f6n Taylor Swifts musik f\u00e5r absolut inte spelas inne p\u00e5 Kansas City Chiefs arena.<\/p>\n<p>\u2013 Vi utnyttjar inte deras relation, s\u00e4ger klubbens president Mark Donovan.<\/p>\n<p><img   alt=\"\"\/><\/p>\n<p>Kansas City Chiefs Travis Kelce.<\/p>\n<p>Foto: CHRIS TORRES\/TCA\/STELLA PICTURES \/ STELLA PICTURES<\/p>\n<p>\u00d6ppna bild i helsk\u00e4rm<img loading=\"lazy\"   alt=\"\"\/><\/p>\n<p>Taylor Swift och Travis Kelce efter en match.<\/p>\n<p>Foto: Emily Curiel \/ SHUTTERSTOCK EDITORIAL\/IBL<\/p>\n<p>\u00d6ppna bild i helsk\u00e4rm<img loading=\"lazy\"   alt=\"\"\/> <\/p>\n<p>Foto: IBL\/BACKGRID<\/p>\n<p>\u00d6ppna bild i helsk\u00e4rm<\/p>\n<p>Det var i <a href=\"https:\/\/nypost.com\/2025\/12\/02\/sports\/travis-kelces-shocking-taylor-swift-request-to-chiefs-brass-revealed\/\" rel=\"nofollow noopener\" target=\"_blank\">\u201dUp &amp; Adams Show\u201d<\/a> som Kansas City Chiefs president Mark Donovan avsl\u00f6jade kravet.<\/p>\n<p>Den amerikanska fotbollsstj\u00e4rnan Travis Kelce vill inte att en enda l\u00e5t fr\u00e5n hans f\u00e4stm\u00f6, v\u00e4rldsstj\u00e4rnan <a href=\"https:\/\/www.expressen.se\/tagg\/person\/taylor-swift\/\" class=\"\" rel=\"nofollow noopener\" target=\"_blank\">Taylor Swift<\/a>, ska spelas inne p\u00e5 lagets arena.<\/p>\n<p>Enligt presidenten har Kelce f\u00f6rklarat att det f\u00e5r honom att k\u00e4nna sig fr\u00e5nkopplad fr\u00e5n sina lagkamrater.<\/p>\n<p>\u2013 Han bryr sig bara om grabbarna och laget. Han vill vara en del av laget och inte separerad fr\u00e5n dem, s\u00e4ger klubbpresidenten.<\/p>\n<p>Toppar Billboard \u2013 stoppas \u00e4nd\u00e5: \u201d\u00c4r av respekt\u201d<\/p>\n<p>Det var i somras som paret Kelce\/Swift f\u00f6rlovade sig.<\/p>\n<p>Bara m\u00e5nader senare, i b\u00f6rjan av oktober, sl\u00e4ppte Taylor Swift sitt omtalade album \u201dThe Life of a Showgirl\u201d.<\/p>\n<p>L\u00e5ten \u201dThe Fate of Ophelia\u201d har legat etta p\u00e5 Billboardlistan sedan mitten av oktober.<\/p>\n<p>Men trots den stora populariteten bland den amerikanska publiken st\u00e5r Kansas City Chiefs fast vid att inte dra nytta av Travis Kelces f\u00f6rh\u00e5llande med v\u00e4rldsstj\u00e4rnan.<\/p>\n<p>\u2013 Vi visar aldrig Taylor p\u00e5 de stora sk\u00e4rmarna i v\u00e5r arena, aldrig. Det \u00e4r av respekt. Vi utnyttjar inte deras relation, s\u00e4ger Mark Donovan.<\/p>\n<p>Taylor Swift ska under den senaste tiden ha undvikit tv-kameror n\u00e4r hon sett sin man spela live.<\/p>\n<p>\u2013 Hon har varit fantastisk mot oss. Hon \u00e4r ett fenomen, men hon \u00e4r ocks\u00e5 en speciell och sn\u00e4ll person, s\u00e4ger Donovan.<\/p>\n","protected":false},"excerpt":{"rendered":"Publicerad 4 dec 2025 kl 09.48Uppdaterad kl 10.01 Travis Kelce, 36, har ett krav. F\u00e4stm\u00f6n Taylor Swifts musik&hellip;\n","protected":false},"author":2,"featured_media":96792,"comment_status":"","ping_status":"","sticky":false,"template":"","format":"standard","meta":{"footnotes":""},"categories":[67],"tags":[104,11372,776,2316,34,1188,31,33,32,30,105],"class_list":{"0":"post-96791","1":"post","2":"type-post","3":"status-publish","4":"format-standard","5":"has-post-thumbnail","7":"category-underhallning","8":"tag-entertainment","9":"tag-organization-kansas-city-chiefs","10":"tag-person-taylor-swift","11":"tag-person-travis-kelce","12":"tag-se","13":"tag-sections-nfl","14":"tag-svenska","15":"tag-sverige","16":"tag-sweden","17":"tag-swedish","18":"tag-underhallning"},"share_on_mastodon":{"url":"https:\/\/pubeurope.com\/@se\/115660546575232715","error":""},"_links":{"self":[{"href":"https:\/\/www.europesays.com\/se\/wp-json\/wp\/v2\/posts\/96791","targetHints":{"allow":["GET"]}}],"collection":[{"href":"https:\/\/www.europesays.com\/se\/wp-json\/wp\/v2\/posts"}],"about":[{"href":"https:\/\/www.europesays.com\/se\/wp-json\/wp\/v2\/types\/post"}],"author":[{"embeddable":true,"href":"https:\/\/www.europesays.com\/se\/wp-json\/wp\/v2\/users\/2"}],"replies":[{"embeddable":true,"href":"https:\/\/www.europesays.com\/se\/wp-json\/wp\/v2\/comments?post=96791"}],"version-history":[{"count":0,"href":"https:\/\/www.europesays.com\/se\/wp-json\/wp\/v2\/posts\/96791\/revisions"}],"wp:featuredmedia":[{"embeddable":true,"href":"https:\/\/www.europesays.com\/se\/wp-json\/wp\/v2\/media\/96792"}],"wp:attachment":[{"href":"https:\/\/www.europesays.com\/se\/wp-json\/wp\/v2\/media?parent=96791"}],"wp:term":[{"taxonomy":"category","embeddable":true,"href":"https:\/\/www.europesays.com\/se\/wp-json\/wp\/v2\/categories?post=96791"},{"taxonomy":"post_tag","embeddable":true,"href":"https:\/\/www.europesays.com\/se\/wp-json\/wp\/v2\/tags?post=96791"}],"curies":[{"name":"wp","href":"https:\/\/api.w.org\/{rel}","templated":true}]}}